{"id":23487,"date":"2025-10-09T13:51:02","date_gmt":"2025-10-09T20:51:02","guid":{"rendered":"https:\/\/elreporterodelacomunidad.com\/?p=23487"},"modified":"2025-10-09T13:51:05","modified_gmt":"2025-10-09T20:51:05","slug":"fortalece-gobierno-de-sonora-colaboracion-entre-cecyte-y-sipinna-en-beneficio-de-las-ninas-ninos-y-jovenes","status":"publish","type":"post","link":"https:\/\/elreporterodelacomunidad.com\/index.php\/2025\/10\/09\/fortalece-gobierno-de-sonora-colaboracion-entre-cecyte-y-sipinna-en-beneficio-de-las-ninas-ninos-y-jovenes\/","title":{"rendered":"Fortalece Gobierno de Sonora colaboraci\u00f3n entre Cecyte y Sipinna en beneficio de las ni\u00f1as, ni\u00f1os y j\u00f3venes"},"content":{"rendered":"\n<p>Hermosillo, Sonora a 09 de octubre de 2025.- El Colegio de Estudios Cient\u00edficos y Tecnol\u00f3gicos del Estado de Sonora (Cecyte) y el Sistema Estatal de Protecci\u00f3n Integral de Ni\u00f1as, Ni\u00f1os y Adolescentes del Estado de Sonora (Sipinna) trabajar\u00e1n de manera coordinada para la fortalecer acciones de promoci\u00f3n, protecci\u00f3n y garant\u00eda de los derechos de ni\u00f1as, ni\u00f1os y adolescentes en la entidad.<\/p>\n\n\n\n<p>La directora general de Cecyte Sonora, Blanca Aurelia Valenzuela y la secretaria Ejecutiva de Sipinna, Carmen Luc\u00eda Mungu\u00eda Gallegos, firmaron un convenio de colaboraci\u00f3n con el objetivo de establecer una cooperaci\u00f3n estrat\u00e9gica para llevar a cabo actividades conjuntas de capacitaci\u00f3n, difusi\u00f3n y formaci\u00f3n, dirigidas tanto a estudiantes, personal docente y administrativo del subsistema, as\u00ed como a la comunidad en general.<\/p>\n\n\n\n<p>La titular del subsistema educativo expres\u00f3 que, con esta colaboraci\u00f3n, ambas instituciones podr\u00e1n dise\u00f1ar y ejecutar proyectos conjuntos, as\u00ed como establecer actividades que beneficien directamente a la comunidad estudiantil, su entorno familiar y social.<\/p>\n\n\n\n<p>Las acciones previstas incluir\u00e1n jornadas, talleres para padres y otros espacios participativos con enfoque principalmente en la crianza positiva, la prevenci\u00f3n de la violencia y el fortalecimiento del tejido social desde el \u00e1mbito educativo.<\/p>\n\n\n\n<p>Con esta alianza, Cecyte y Sipinna reafirman el compromiso del gobernador Alfonso Durazo con el desarrollo integral de ni\u00f1as, ni\u00f1os y adolescentes en Sonora, promoviendo entornos educativos m\u00e1s seguros, participativos y conscientes de los derechos fundamentales que garantizan su bienestar y crecimiento.<\/p>\n\n\n\n<p class=\"has-text-align-center\"><img loading=\"lazy\" decoding=\"async\" width=\"500\" height=\"333\" class=\"wp-image-23490\" style=\"width: 500px;\" src=\"https:\/\/elreporterodelacomunidad.com\/wp-content\/uploads\/2025\/10\/bc1bdbb2-e123-4a09-a209-c52f9a8f4e70.jpg\" alt=\"\" srcset=\"https:\/\/elreporterodelacomunidad.com\/wp-content\/uploads\/2025\/10\/bc1bdbb2-e123-4a09-a209-c52f9a8f4e70.jpg 1600w, https:\/\/elreporterodelacomunidad.com\/wp-content\/uploads\/2025\/10\/bc1bdbb2-e123-4a09-a209-c52f9a8f4e70-300x200.jpg 300w, https:\/\/elreporterodelacomunidad.com\/wp-content\/uploads\/2025\/10\/bc1bdbb2-e123-4a09-a209-c52f9a8f4e70-1024x682.jpg 1024w, https:\/\/elreporterodelacomunidad.com\/wp-content\/uploads\/2025\/10\/bc1bdbb2-e123-4a09-a209-c52f9a8f4e70-768x512.jpg 768w, https:\/\/elreporterodelacomunidad.com\/wp-content\/uploads\/2025\/10\/bc1bdbb2-e123-4a09-a209-c52f9a8f4e70-1536x1023.jpg 1536w, https:\/\/elreporterodelacomunidad.com\/wp-content\/uploads\/2025\/10\/bc1bdbb2-e123-4a09-a209-c52f9a8f4e70-750x500.jpg 750w, https:\/\/elreporterodelacomunidad.com\/wp-content\/uploads\/2025\/10\/bc1bdbb2-e123-4a09-a209-c52f9a8f4e70-1140x760.jpg 1140w\" sizes=\"auto, (max-width: 500px) 100vw, 500px\" \/><\/p>\n","protected":false},"excerpt":{"rendered":"<p>Hermosillo, Sonora a 09 de octubre de 2025.- El Colegio de Estudios Cient\u00edficos y Tecnol\u00f3gicos del Estado de Sonora (Cecyte) y el Sistema Estatal de Protecci\u00f3n Integral de Ni\u00f1as, Ni\u00f1os y Adolescentes del Estado de Sonora (Sipinna) trabajar\u00e1n de manera coordinada para la fortalecer acciones de promoci\u00f3n, protecci\u00f3n y garant\u00eda de los derechos de ni\u00f1as, [&hellip;]<\/p>\n","protected":false},"author":2,"featured_media":23489,"comment_status":"open","ping_status":"open","sticky":false,"template":"","format":"standard","meta":{"footnotes":""},"categories":[36],"tags":[],"class_list":["post-23487","post","type-post","status-publish","format-standard","has-post-thumbnail","hentry","category-educacion"],"_links":{"self":[{"href":"https:\/\/elreporterodelacomunidad.com\/index.php\/wp-json\/wp\/v2\/posts\/23487","targetHints":{"allow":["GET"]}}],"collection":[{"href":"https:\/\/elreporterodelacomunidad.com\/index.php\/wp-json\/wp\/v2\/posts"}],"about":[{"href":"https:\/\/elreporterodelacomunidad.com\/index.php\/wp-json\/wp\/v2\/types\/post"}],"author":[{"embeddable":true,"href":"https:\/\/elreporterodelacomunidad.com\/index.php\/wp-json\/wp\/v2\/users\/2"}],"replies":[{"embeddable":true,"href":"https:\/\/elreporterodelacomunidad.com\/index.php\/wp-json\/wp\/v2\/comments?post=23487"}],"version-history":[{"count":1,"href":"https:\/\/elreporterodelacomunidad.com\/index.php\/wp-json\/wp\/v2\/posts\/23487\/revisions"}],"predecessor-version":[{"id":23491,"href":"https:\/\/elreporterodelacomunidad.com\/index.php\/wp-json\/wp\/v2\/posts\/23487\/revisions\/23491"}],"wp:featuredmedia":[{"embeddable":true,"href":"https:\/\/elreporterodelacomunidad.com\/index.php\/wp-json\/wp\/v2\/media\/23489"}],"wp:attachment":[{"href":"https:\/\/elreporterodelacomunidad.com\/index.php\/wp-json\/wp\/v2\/media?parent=23487"}],"wp:term":[{"taxonomy":"category","embeddable":true,"href":"https:\/\/elreporterodelacomunidad.com\/index.php\/wp-json\/wp\/v2\/categories?post=23487"},{"taxonomy":"post_tag","embeddable":true,"href":"https:\/\/elreporterodelacomunidad.com\/index.php\/wp-json\/wp\/v2\/tags?post=23487"}],"curies":[{"name":"wp","href":"https:\/\/api.w.org\/{rel}","templated":true}]}}