{"id":23463,"date":"2025-10-08T19:37:57","date_gmt":"2025-10-09T02:37:57","guid":{"rendered":"https:\/\/elreporterodelacomunidad.com\/?p=23463"},"modified":"2025-10-08T19:38:01","modified_gmt":"2025-10-09T02:38:01","slug":"los-paratletas-sonorenses-cierran-la-ultima-sesion-de-primera-etapa-nacional-con-4-preseas","status":"publish","type":"post","link":"https:\/\/elreporterodelacomunidad.com\/index.php\/2025\/10\/08\/los-paratletas-sonorenses-cierran-la-ultima-sesion-de-primera-etapa-nacional-con-4-preseas\/","title":{"rendered":"Los paratletas sonorenses cierran la \u00faltima sesi\u00f3n de primera etapa nacional con 4 preseas"},"content":{"rendered":"\n<p>Recolectaron una medalla de oro, dos de plata y una de bronce, en la jornada final de la Juvenil Menor; la segunda etapa inicia el mi\u00e9rcoles.<\/p>\n\n\n\n<p>\u00a0Hermosillo, Sonora a 08 de octubre del 2025.- Despu\u00e9s de tres jornadas de competencias, Sonora cerr\u00f3 la primera etapa del paratletismo con cuatro preseas, repartidas en una de oro, dos de plata y una de bronce, en pruebas de pista y campo de la categor\u00eda Juvenil Menor, en la Paralimpiada Nacional Aguascalientes 2025.<\/p>\n\n\n\n<p>El metal del m\u00e1ximo color lo conquist\u00f3 Yalitzia Castillo, en lanzamiento de disco F56\/57, para terminar el certamen nacional con dos preseas de oro, mientras que la plata la obtuvo Manuel Cebreros, en impulso de bala F42\/61\/63; esa fue su segunda medalla del torneo (gan\u00f3 oro el s\u00e1bado).<\/p>\n\n\n\n<p>Del par de metales bronc\u00edneos, uno fue obra de la lanzadora Jos\u00e9 Guadalupe L\u00f3pez, en bala F45\/46, quien, debido a ese resultado, concluy\u00f3 con dos metales de esa tonalidad en el torneo; el otro tercer sitio se lo llev\u00f3 el corredor V\u00edctor Faustino Lira, en los 800 metros planos T20, para finalizar su actuaci\u00f3n con tres preseas, pues ya ten\u00eda un par de oros.<\/p>\n\n\n\n<p>Yalitzia Castillo consigui\u00f3 el sitio de honor mediante un tiro de 13.65 metros, superando a la tamaulipeca D\u00e9bora Jasso (13.36) y a la sinaloense Abril S\u00e1nchez (12.91); por su parte, Manuel Cebreros qued\u00f3 subcampe\u00f3n debido a una marca de 7.53, en donde sali\u00f3 victorioso el sinaloense Jes\u00fas Valenzuela (8.24).<\/p>\n\n\n\n<p>En el caso de Jes\u00fas Guadalupe Atondo, asegur\u00f3 la tercera posici\u00f3n gracias a un disparo de 5.80 metros; el otro medallista de bronce, V\u00edctor Faustino Lira, cruz\u00f3 la meta con un tiempo de 56:89, que le vali\u00f3 subirse al \u00faltimo escal\u00f3n del podio.<\/p>\n\n\n\n<p>Luego de celebrarse las tres sesiones de la Juvenil Menor, Sonora cosech\u00f3 16 medallas: 7 oros, 4 platas y 5 bronces. Este martes ser\u00e1 d\u00eda de descanso para reiniciar actividades el mi\u00e9rcoles, las cuales seguir\u00e1n el jueves y finalizar\u00e1n el viernes, con los paratletas de las categor\u00edas Juvenil Mayor y Superior.\u00a0\u00a0<\/p>\n\n\n\n<p class=\"has-text-align-center\"><img loading=\"lazy\" decoding=\"async\" width=\"500\" height=\"375\" class=\"wp-image-23465\" style=\"width: 500px;\" src=\"https:\/\/elreporterodelacomunidad.com\/wp-content\/uploads\/2025\/10\/Paratletismo-Sonora-Juvenil-Menor.jpg\" alt=\"\" srcset=\"https:\/\/elreporterodelacomunidad.com\/wp-content\/uploads\/2025\/10\/Paratletismo-Sonora-Juvenil-Menor.jpg 1200w, https:\/\/elreporterodelacomunidad.com\/wp-content\/uploads\/2025\/10\/Paratletismo-Sonora-Juvenil-Menor-300x225.jpg 300w, https:\/\/elreporterodelacomunidad.com\/wp-content\/uploads\/2025\/10\/Paratletismo-Sonora-Juvenil-Menor-1024x768.jpg 1024w, https:\/\/elreporterodelacomunidad.com\/wp-content\/uploads\/2025\/10\/Paratletismo-Sonora-Juvenil-Menor-768x576.jpg 768w, https:\/\/elreporterodelacomunidad.com\/wp-content\/uploads\/2025\/10\/Paratletismo-Sonora-Juvenil-Menor-750x563.jpg 750w, https:\/\/elreporterodelacomunidad.com\/wp-content\/uploads\/2025\/10\/Paratletismo-Sonora-Juvenil-Menor-1140x855.jpg 1140w\" sizes=\"auto, (max-width: 500px) 100vw, 500px\" \/><\/p>\n","protected":false},"excerpt":{"rendered":"<p>Recolectaron una medalla de oro, dos de plata y una de bronce, en la jornada final de la Juvenil Menor; la segunda etapa inicia el mi\u00e9rcoles. \u00a0Hermosillo, Sonora a 08 de octubre del 2025.- Despu\u00e9s de tres jornadas de competencias, Sonora cerr\u00f3 la primera etapa del paratletismo con cuatro preseas, repartidas en una de oro, [&hellip;]<\/p>\n","protected":false},"author":5,"featured_media":23464,"comment_status":"open","ping_status":"open","sticky":false,"template":"","format":"standard","meta":{"footnotes":""},"categories":[33],"tags":[],"class_list":["post-23463","post","type-post","status-publish","format-standard","has-post-thumbnail","hentry","category-deportes"],"_links":{"self":[{"href":"https:\/\/elreporterodelacomunidad.com\/index.php\/wp-json\/wp\/v2\/posts\/23463","targetHints":{"allow":["GET"]}}],"collection":[{"href":"https:\/\/elreporterodelacomunidad.com\/index.php\/wp-json\/wp\/v2\/posts"}],"about":[{"href":"https:\/\/elreporterodelacomunidad.com\/index.php\/wp-json\/wp\/v2\/types\/post"}],"author":[{"embeddable":true,"href":"https:\/\/elreporterodelacomunidad.com\/index.php\/wp-json\/wp\/v2\/users\/5"}],"replies":[{"embeddable":true,"href":"https:\/\/elreporterodelacomunidad.com\/index.php\/wp-json\/wp\/v2\/comments?post=23463"}],"version-history":[{"count":1,"href":"https:\/\/elreporterodelacomunidad.com\/index.php\/wp-json\/wp\/v2\/posts\/23463\/revisions"}],"predecessor-version":[{"id":23466,"href":"https:\/\/elreporterodelacomunidad.com\/index.php\/wp-json\/wp\/v2\/posts\/23463\/revisions\/23466"}],"wp:featuredmedia":[{"embeddable":true,"href":"https:\/\/elreporterodelacomunidad.com\/index.php\/wp-json\/wp\/v2\/media\/23464"}],"wp:attachment":[{"href":"https:\/\/elreporterodelacomunidad.com\/index.php\/wp-json\/wp\/v2\/media?parent=23463"}],"wp:term":[{"taxonomy":"category","embeddable":true,"href":"https:\/\/elreporterodelacomunidad.com\/index.php\/wp-json\/wp\/v2\/categories?post=23463"},{"taxonomy":"post_tag","embeddable":true,"href":"https:\/\/elreporterodelacomunidad.com\/index.php\/wp-json\/wp\/v2\/tags?post=23463"}],"curies":[{"name":"wp","href":"https:\/\/api.w.org\/{rel}","templated":true}]}}