{"id":23405,"date":"2025-10-08T12:14:04","date_gmt":"2025-10-08T19:14:04","guid":{"rendered":"https:\/\/elreporterodelacomunidad.com\/?p=23405"},"modified":"2025-10-08T12:14:17","modified_gmt":"2025-10-08T19:14:17","slug":"carrera-de-la-fundacion-corre-conmigo-hace-historia-al-romper-record-de-asistencia-en-su-edicion-xii","status":"publish","type":"post","link":"https:\/\/elreporterodelacomunidad.com\/index.php\/2025\/10\/08\/carrera-de-la-fundacion-corre-conmigo-hace-historia-al-romper-record-de-asistencia-en-su-edicion-xii\/","title":{"rendered":"Carrera de la Fundaci\u00f3n Corre Conmigo hace historia al romper r\u00e9cord de asistencia en su edici\u00f3n XII."},"content":{"rendered":"\n<p>Hermosillo, Sonora a 08 de octubre de 2025.- M\u00e1s de 1,200 inscritos, que con la suma de voluntarios, acompa\u00f1antes, patrocinadores, staff y p\u00fablico en general, super\u00f3 la asistencia de m\u00e1s de 2,000 personas, logrando hacer historia en la Carrera Corre Conmigo 2025.<\/p>\n\n\n\n<p>Asimismo, r\u00e9cords de inscritos y de participaci\u00f3n de comunidades de personas con discapacidad y al mismo tiempo convertirse en la Carrera de 5K con mayor convocatoria en todo el estado de Sonora.<\/p>\n\n\n\n<p>Con el lema &#8220;movilicemos la ciudad, visibilicemos la inclusi\u00f3n&#8221; este a\u00f1o se entregaron 12 sillas de ruedas, 5 pr\u00f3tesis y una beca deportiva, adem\u00e1s de reactivar el programa \u201cCuidador Se Cuida\u201d.<\/p>\n\n\n\n<p>Entre los equipos destacados participaron Achilles Guaymas, CAPUN, Comunidad Ciega, Comunidad Sorda y Pitt Hopkins, junto a m\u00e1s de 130 voluntarios que hicieron posible la log\u00edstica del evento.<\/p>\n\n\n\n<p>Los Ganadores Absolutos fueron:<\/p>\n\n\n\n<p>&nbsp;\u25aa\ufe0fFemenil: 1er.- Erika Santiago (20:17), 2do.- Gaby Vargas (21:17) y 3er.-&nbsp; Ilce Andrea Romero (22:03);<\/p>\n\n\n\n<p>\u25aa\ufe0fVaronil: 1er.- Cristopher Bladimir (17:10), 2do.- Flavio C. D\u00edaz (17:15 y 3er.- Sa\u00fal Alonso Tejeda (17:39)<\/p>\n\n\n\n<p>Entre los equipos o clubes con mayor participaci\u00f3n estuvieron: Masterfuel, club Peregrinos, Achilles Guaymas, Gimnasio 52 Cinco de Mayo y Trizon.<\/p>\n\n\n\n<p>En un ambiente emotivo y algarab\u00eda, la Carrera Corre Conmigo sigue consolid\u00e1ndose como un evento deportivo y social \u00fanico en Sonora, impulsando la inclusi\u00f3n y el deporte con causa.<\/p>\n\n\n\n<p class=\"has-text-align-center\"><img loading=\"lazy\" decoding=\"async\" width=\"500\" height=\"333\" class=\"wp-image-23407\" style=\"width: 500px;\" src=\"https:\/\/elreporterodelacomunidad.com\/wp-content\/uploads\/2025\/10\/3-4.jpg\" alt=\"\" srcset=\"https:\/\/elreporterodelacomunidad.com\/wp-content\/uploads\/2025\/10\/3-4.jpg 1600w, https:\/\/elreporterodelacomunidad.com\/wp-content\/uploads\/2025\/10\/3-4-300x200.jpg 300w, https:\/\/elreporterodelacomunidad.com\/wp-content\/uploads\/2025\/10\/3-4-1024x682.jpg 1024w, https:\/\/elreporterodelacomunidad.com\/wp-content\/uploads\/2025\/10\/3-4-768x512.jpg 768w, https:\/\/elreporterodelacomunidad.com\/wp-content\/uploads\/2025\/10\/3-4-1536x1023.jpg 1536w, https:\/\/elreporterodelacomunidad.com\/wp-content\/uploads\/2025\/10\/3-4-750x500.jpg 750w, https:\/\/elreporterodelacomunidad.com\/wp-content\/uploads\/2025\/10\/3-4-1140x760.jpg 1140w\" sizes=\"auto, (max-width: 500px) 100vw, 500px\" \/><\/p>\n","protected":false},"excerpt":{"rendered":"<p>Hermosillo, Sonora a 08 de octubre de 2025.- M\u00e1s de 1,200 inscritos, que con la suma de voluntarios, acompa\u00f1antes, patrocinadores, staff y p\u00fablico en general, super\u00f3 la asistencia de m\u00e1s de 2,000 personas, logrando hacer historia en la Carrera Corre Conmigo 2025. Asimismo, r\u00e9cords de inscritos y de participaci\u00f3n de comunidades de personas con discapacidad [&hellip;]<\/p>\n","protected":false},"author":5,"featured_media":23406,"comment_status":"open","ping_status":"open","sticky":false,"template":"","format":"standard","meta":{"footnotes":""},"categories":[33],"tags":[],"class_list":["post-23405","post","type-post","status-publish","format-standard","has-post-thumbnail","hentry","category-deportes"],"_links":{"self":[{"href":"https:\/\/elreporterodelacomunidad.com\/index.php\/wp-json\/wp\/v2\/posts\/23405","targetHints":{"allow":["GET"]}}],"collection":[{"href":"https:\/\/elreporterodelacomunidad.com\/index.php\/wp-json\/wp\/v2\/posts"}],"about":[{"href":"https:\/\/elreporterodelacomunidad.com\/index.php\/wp-json\/wp\/v2\/types\/post"}],"author":[{"embeddable":true,"href":"https:\/\/elreporterodelacomunidad.com\/index.php\/wp-json\/wp\/v2\/users\/5"}],"replies":[{"embeddable":true,"href":"https:\/\/elreporterodelacomunidad.com\/index.php\/wp-json\/wp\/v2\/comments?post=23405"}],"version-history":[{"count":1,"href":"https:\/\/elreporterodelacomunidad.com\/index.php\/wp-json\/wp\/v2\/posts\/23405\/revisions"}],"predecessor-version":[{"id":23408,"href":"https:\/\/elreporterodelacomunidad.com\/index.php\/wp-json\/wp\/v2\/posts\/23405\/revisions\/23408"}],"wp:featuredmedia":[{"embeddable":true,"href":"https:\/\/elreporterodelacomunidad.com\/index.php\/wp-json\/wp\/v2\/media\/23406"}],"wp:attachment":[{"href":"https:\/\/elreporterodelacomunidad.com\/index.php\/wp-json\/wp\/v2\/media?parent=23405"}],"wp:term":[{"taxonomy":"category","embeddable":true,"href":"https:\/\/elreporterodelacomunidad.com\/index.php\/wp-json\/wp\/v2\/categories?post=23405"},{"taxonomy":"post_tag","embeddable":true,"href":"https:\/\/elreporterodelacomunidad.com\/index.php\/wp-json\/wp\/v2\/tags?post=23405"}],"curies":[{"name":"wp","href":"https:\/\/api.w.org\/{rel}","templated":true}]}}