{"id":23390,"date":"2025-10-07T20:56:28","date_gmt":"2025-10-08T03:56:28","guid":{"rendered":"https:\/\/elreporterodelacomunidad.com\/?p=23390"},"modified":"2025-10-07T20:56:39","modified_gmt":"2025-10-08T03:56:39","slug":"impulsa-sec-la-creacion-de-la-primera-banda-de-guerra-monumental","status":"publish","type":"post","link":"https:\/\/elreporterodelacomunidad.com\/index.php\/2025\/10\/07\/impulsa-sec-la-creacion-de-la-primera-banda-de-guerra-monumental\/","title":{"rendered":"Impulsa SEC la creaci\u00f3n de la primera Banda de Guerra Monumental"},"content":{"rendered":"\n<p><\/p>\n\n\n\n<p>Hermosillo, Sonora; 7 de octubre de 2025.- Con la participaci\u00f3n de 184 alumnos de seis secundarias de Hermosillo, la Secretar\u00eda de Educaci\u00f3n y Cultura (SEC) impuls\u00f3 la creaci\u00f3n de la primera Banda de Guerra Monumental en la entidad.<\/p>\n\n\n\n<p>Con el gran esfuerzo y colaboraci\u00f3n de seis instructores, fue posible la conformaci\u00f3n de dicha agrupaci\u00f3n, cuya primera participaci\u00f3n en p\u00fablico ser\u00e1 durante el tradicional Desfile C\u00edvico, Deportivo y Cultural para conmemorar el 115 Aniversario del Inicio de la Revoluci\u00f3n Mexicana.<\/p>\n\n\n\n<p>El titular de la SEC, Froyl\u00e1n G\u00e1mez Gamboa, se\u00f1al\u00f3 que gracias al respaldo del gobernador Alfonso Durazo, fue posible concretar este importante proyecto a trav\u00e9s del cual sus integrantes demostrar\u00e1n con talento, energ\u00eda y orgullo las habilidades adquiridas al representar a sus planteles educativos.<\/p>\n\n\n\n<p>A\u00f1adi\u00f3 que con la Banda de Guerra Monumental tambi\u00e9n se busca promover la disciplina que se forja en el alumnado, para seguir foment\u00e1ndola a la par de su formaci\u00f3n acad\u00e9mica en las aulas.<\/p>\n\n\n\n<p>El funcionario estatal refrend\u00f3 el compromiso de brindarles acompa\u00f1amiento para que se conviertan en la mejor Banda de Guerra Monumental de M\u00e9xico y un ejemplo positivo para las ni\u00f1as, ni\u00f1os y adolescentes de Sonora.<\/p>\n\n\n\n<p>Integrantes de la Banda de Guerra Monumental:<br>\u2022 Secundaria General No. 1 \u201cJuan Escutia\u201d.<br>\u2022 Secundaria General No. 12 \u201cNicol\u00e1s Cedano Torres\u201d.<br>\u2022 Secundaria Estatal No. 33 \u201cProf. Ren\u00e9 J. Arvizu Durazo\u201d.<br>\u2022 Secundaria Estatal No. 31 \u201cProf. Miguel \u00c1ngel Loya Mart\u00ednez\u201d.<br>\u2022 Secundaria General No. 7 \u201cJos\u00e9 Mar\u00eda Gonz\u00e1lez Hermosillo\u201d.<br>\u2022 Telesecundaria No. 186.<\/p>\n\n\n\n<p class=\"has-text-align-center\"><img loading=\"lazy\" decoding=\"async\" width=\"500\" height=\"322\" class=\"wp-image-23393\" style=\"width: 500px;\" src=\"https:\/\/elreporterodelacomunidad.com\/wp-content\/uploads\/2025\/10\/33-1.jpg\" alt=\"\" srcset=\"https:\/\/elreporterodelacomunidad.com\/wp-content\/uploads\/2025\/10\/33-1.jpg 1069w, https:\/\/elreporterodelacomunidad.com\/wp-content\/uploads\/2025\/10\/33-1-300x193.jpg 300w, https:\/\/elreporterodelacomunidad.com\/wp-content\/uploads\/2025\/10\/33-1-1024x659.jpg 1024w, https:\/\/elreporterodelacomunidad.com\/wp-content\/uploads\/2025\/10\/33-1-768x494.jpg 768w, https:\/\/elreporterodelacomunidad.com\/wp-content\/uploads\/2025\/10\/33-1-750x483.jpg 750w\" sizes=\"auto, (max-width: 500px) 100vw, 500px\" \/><\/p>\n","protected":false},"excerpt":{"rendered":"<p>Hermosillo, Sonora; 7 de octubre de 2025.- Con la participaci\u00f3n de 184 alumnos de seis secundarias de Hermosillo, la Secretar\u00eda de Educaci\u00f3n y Cultura (SEC) impuls\u00f3 la creaci\u00f3n de la primera Banda de Guerra Monumental en la entidad. Con el gran esfuerzo y colaboraci\u00f3n de seis instructores, fue posible la conformaci\u00f3n de dicha agrupaci\u00f3n, cuya [&hellip;]<\/p>\n","protected":false},"author":2,"featured_media":23392,"comment_status":"open","ping_status":"open","sticky":false,"template":"","format":"standard","meta":{"footnotes":""},"categories":[36],"tags":[],"class_list":["post-23390","post","type-post","status-publish","format-standard","has-post-thumbnail","hentry","category-educacion"],"_links":{"self":[{"href":"https:\/\/elreporterodelacomunidad.com\/index.php\/wp-json\/wp\/v2\/posts\/23390","targetHints":{"allow":["GET"]}}],"collection":[{"href":"https:\/\/elreporterodelacomunidad.com\/index.php\/wp-json\/wp\/v2\/posts"}],"about":[{"href":"https:\/\/elreporterodelacomunidad.com\/index.php\/wp-json\/wp\/v2\/types\/post"}],"author":[{"embeddable":true,"href":"https:\/\/elreporterodelacomunidad.com\/index.php\/wp-json\/wp\/v2\/users\/2"}],"replies":[{"embeddable":true,"href":"https:\/\/elreporterodelacomunidad.com\/index.php\/wp-json\/wp\/v2\/comments?post=23390"}],"version-history":[{"count":1,"href":"https:\/\/elreporterodelacomunidad.com\/index.php\/wp-json\/wp\/v2\/posts\/23390\/revisions"}],"predecessor-version":[{"id":23394,"href":"https:\/\/elreporterodelacomunidad.com\/index.php\/wp-json\/wp\/v2\/posts\/23390\/revisions\/23394"}],"wp:featuredmedia":[{"embeddable":true,"href":"https:\/\/elreporterodelacomunidad.com\/index.php\/wp-json\/wp\/v2\/media\/23392"}],"wp:attachment":[{"href":"https:\/\/elreporterodelacomunidad.com\/index.php\/wp-json\/wp\/v2\/media?parent=23390"}],"wp:term":[{"taxonomy":"category","embeddable":true,"href":"https:\/\/elreporterodelacomunidad.com\/index.php\/wp-json\/wp\/v2\/categories?post=23390"},{"taxonomy":"post_tag","embeddable":true,"href":"https:\/\/elreporterodelacomunidad.com\/index.php\/wp-json\/wp\/v2\/tags?post=23390"}],"curies":[{"name":"wp","href":"https:\/\/api.w.org\/{rel}","templated":true}]}}