{"id":23383,"date":"2025-10-07T20:43:16","date_gmt":"2025-10-08T03:43:16","guid":{"rendered":"https:\/\/elreporterodelacomunidad.com\/?p=23383"},"modified":"2025-10-07T20:43:49","modified_gmt":"2025-10-08T03:43:49","slug":"invitan-a-jovenes-clase-2007-y-remisos-a-aprovechar-la-ultima-semana-para-el-tramite-de-pre-cartilla-militar","status":"publish","type":"post","link":"https:\/\/elreporterodelacomunidad.com\/index.php\/2025\/10\/07\/invitan-a-jovenes-clase-2007-y-remisos-a-aprovechar-la-ultima-semana-para-el-tramite-de-pre-cartilla-militar\/","title":{"rendered":"Invitan a j\u00f3venes clase 2007 y remisos a aprovechar la \u00faltima semana para el tr\u00e1mite de pre Cartilla Militar"},"content":{"rendered":"\n<p>Los d\u00edas 13, 14 y 15 de octubre se registran en horario extendido hasta las 18:00 horas.<\/p>\n\n\n\n<p>Hermosillo, Sonora a 07 de octubre de 2025.- Los j\u00f3venes hermosillenses con inter\u00e9s de iniciar el proceso que culminar\u00e1 con la entrega de su cartilla militar liberada a\u00fan est\u00e1n a tiempo de hacerlo, ya que el plazo para registrarse vence el pr\u00f3ximo mi\u00e9rcoles 15 de octubre, record\u00f3 Eduardo Alejo Acu\u00f1a Padilla, Secretario del Ayuntamiento.<\/p>\n\n\n\n<p>\u201cLa convocatoria tiene como fecha para realizar su tr\u00e1mite el d\u00eda 15; actualmente se est\u00e1 recibiendo en el domicilio Nicol\u00e1s Bravo n\u00famero 48, aqu\u00ed en Centenario, atr\u00e1s de Catedral, en un horario de 8:00 a 2:30 PM, pero, como sabemos que todos los a\u00f1os se incrementa mucho la presencia y la solicitud de los registros, los d\u00edas 13, 14 y 15 estaremos recibiendo de 8 de la ma\u00f1ana hasta 6 de la tarde\u201d, anunci\u00f3.<\/p>\n\n\n\n<p>Los requisitos que la Secretar\u00eda de Defensa establece son: acudir \u00fanicamente el interesado; no haber hecho el tr\u00e1mite anteriormente; presentar acta de nacimiento original, cuatro fotograf\u00edas tama\u00f1o credencial, comprobante de domicilio, CURP, constancia o certificado original del \u00faltimo nivel escolar y carta de no inscripci\u00f3n, detall\u00f3.<\/p>\n\n\n\n<p>Quienes deseen mayores detalles sobre este tema pueden consultar las redes sociales de Secretar\u00eda del Ayuntamiento o comunicarse telef\u00f3nicamente a los n\u00fameros 6622 13 83 51 y 6622 13 83 52 de la Junta local de Reclutamiento, mencion\u00f3.<\/p>\n\n\n\n<p>El funcionario en la administraci\u00f3n de Antonio Astiazar\u00e1n explic\u00f3 que la Cartilla Militar es un documento oficial que acredita el cumplimiento de una obligaci\u00f3n c\u00edvica muy importante, adem\u00e1s de servir como identificaci\u00f3n oficial y ser requisito laboral en empresas e instituciones de seguridad p\u00fablica de los 3 niveles de Gobierno, y para tr\u00e1mites en instituciones educativas.<\/p>\n\n\n\n<figure class=\"wp-block-video\"><video height=\"1080\" style=\"aspect-ratio: 1920 \/ 1080;\" width=\"1920\" controls src=\"https:\/\/elreporterodelacomunidad.com\/wp-content\/uploads\/2025\/10\/VIDEO-INSERT-ENTREVISTA-CIERRE-DE-CONVOCATORIA-PARA-TRAMITE-DE-CARTILLA-MILITAR-PARA-LOS-JOVENES-CLASE-2007SECRETARIO-DEL-H.A.EDUARDO-ACUNA.mp4\"><\/video><\/figure>\n","protected":false},"excerpt":{"rendered":"<p>Los d\u00edas 13, 14 y 15 de octubre se registran en horario extendido hasta las 18:00 horas. Hermosillo, Sonora a 07 de octubre de 2025.- Los j\u00f3venes hermosillenses con inter\u00e9s de iniciar el proceso que culminar\u00e1 con la entrega de su cartilla militar liberada a\u00fan est\u00e1n a tiempo de hacerlo, ya que el plazo para [&hellip;]<\/p>\n","protected":false},"author":2,"featured_media":23384,"comment_status":"open","ping_status":"open","sticky":false,"template":"","format":"standard","meta":{"footnotes":""},"categories":[36],"tags":[],"class_list":["post-23383","post","type-post","status-publish","format-standard","has-post-thumbnail","hentry","category-educacion"],"_links":{"self":[{"href":"https:\/\/elreporterodelacomunidad.com\/index.php\/wp-json\/wp\/v2\/posts\/23383","targetHints":{"allow":["GET"]}}],"collection":[{"href":"https:\/\/elreporterodelacomunidad.com\/index.php\/wp-json\/wp\/v2\/posts"}],"about":[{"href":"https:\/\/elreporterodelacomunidad.com\/index.php\/wp-json\/wp\/v2\/types\/post"}],"author":[{"embeddable":true,"href":"https:\/\/elreporterodelacomunidad.com\/index.php\/wp-json\/wp\/v2\/users\/2"}],"replies":[{"embeddable":true,"href":"https:\/\/elreporterodelacomunidad.com\/index.php\/wp-json\/wp\/v2\/comments?post=23383"}],"version-history":[{"count":1,"href":"https:\/\/elreporterodelacomunidad.com\/index.php\/wp-json\/wp\/v2\/posts\/23383\/revisions"}],"predecessor-version":[{"id":23386,"href":"https:\/\/elreporterodelacomunidad.com\/index.php\/wp-json\/wp\/v2\/posts\/23383\/revisions\/23386"}],"wp:featuredmedia":[{"embeddable":true,"href":"https:\/\/elreporterodelacomunidad.com\/index.php\/wp-json\/wp\/v2\/media\/23384"}],"wp:attachment":[{"href":"https:\/\/elreporterodelacomunidad.com\/index.php\/wp-json\/wp\/v2\/media?parent=23383"}],"wp:term":[{"taxonomy":"category","embeddable":true,"href":"https:\/\/elreporterodelacomunidad.com\/index.php\/wp-json\/wp\/v2\/categories?post=23383"},{"taxonomy":"post_tag","embeddable":true,"href":"https:\/\/elreporterodelacomunidad.com\/index.php\/wp-json\/wp\/v2\/tags?post=23383"}],"curies":[{"name":"wp","href":"https:\/\/api.w.org\/{rel}","templated":true}]}}