{"id":23346,"date":"2025-10-06T19:55:47","date_gmt":"2025-10-07T02:55:47","guid":{"rendered":"https:\/\/elreporterodelacomunidad.com\/?p=23346"},"modified":"2025-10-06T19:55:50","modified_gmt":"2025-10-07T02:55:50","slug":"celebra-gobierno-municipal-suma-de-esfuerzos-a-favor-de-la-cultura-de-la-paz-en-hermosillo","status":"publish","type":"post","link":"https:\/\/elreporterodelacomunidad.com\/index.php\/2025\/10\/06\/celebra-gobierno-municipal-suma-de-esfuerzos-a-favor-de-la-cultura-de-la-paz-en-hermosillo\/","title":{"rendered":"Celebra Gobierno Municipal suma de esfuerzos a favor de la cultura de la paz en Hermosillo"},"content":{"rendered":"\n<p>Destac\u00f3 que la ciudadan\u00eda de Hermosillo cuenta con 2 juzgados c\u00edvicos en los que se procura solucionar de forma pac\u00edfica los conflictos vecinales en las colonias<\/p>\n\n\n\n<p>Hermosillo, Sonora a 06 de octubre de 2025.- Con la representaci\u00f3n del Presidente Municipal de Hermosillo, Antonio Astiazar\u00e1n Guti\u00e9rrez, el Secretario del Ayuntamiento, Eduardo Alejo Acu\u00f1a Padilla, dio la bienvenida a iniciativas a favor de la cultura de la paz en las que suman esfuerzos la academia, sociedad civil y los 3 niveles de gobierno.<\/p>\n\n\n\n<p>El funcionario Municipal encabez\u00f3 el anuncio oficial del XX Congreso Mundial y XXV Nacional de Mediaci\u00f3n, a celebrarse en la ciudad del 27 al 31 de octubre, junto con Jorge Pesqueira Leal, Presidente del Instituto de Mediaci\u00f3n de M\u00e9xico S. C.; Enrique Bolado Mart\u00ednez, Secretario General Acad\u00e9mico de la Universidad de Sonora, quien estuvo en representaci\u00f3n de la rectora Dena Mar\u00eda Camarena, e Ignacio Peinado Luna, director de la Uni\u00f3n de Usuarios de Hermosillo.<\/p>\n\n\n\n<p>\u201cCu\u00e1nto nos dicen que los mayores problemas del mundo muchas veces se dan por falta de comunicaci\u00f3n entre las partes, cuando tenemos gente preparada, profesional y capacitada para ello, para poder mediar y lograr que entre las partes se pongan de acuerdo, creemos nosotros que es un ganar, ganar\u201d, reflexion\u00f3 el Secretario del Ayuntamiento.<\/p>\n\n\n\n<p>Reconoci\u00f3 y agradeci\u00f3 el aporte del equipo de trabajo que encabeza Jorge Pesqueira en el Instituto de Mediaci\u00f3n en M\u00e9xico con la organizaci\u00f3n de un evento de esta naturaleza que le abona a la profesionalizaci\u00f3n de personas mediadoras y con ello a la cultura de la paz.<\/p>\n\n\n\n<p>\u201cNos congratulamos por el hecho de que en esta ocasi\u00f3n tanto el Ayuntamiento de Hermosillo como la Uni\u00f3n de Usuarios se suman a la sinergia que ha producido la Universidad de Sonora con el Instituto de Mediaci\u00f3n de M\u00e9xico\u201d expres\u00f3 por su parte Pesqueira Leal.<\/p>\n\n\n\n<p>Quienes tengan inter\u00e9s en asistir a alguno o varios de los 18 talleres y 9 conferencias que forman parte del programa pueden consultar mayores detalles e inscribirse a trav\u00e9s de la p\u00e1gina www.congresodemediacion.com, se inform\u00f3.<\/p>\n\n\n\n<figure class=\"wp-block-video\"><video height=\"1080\" style=\"aspect-ratio: 1920 \/ 1080;\" width=\"1920\" controls src=\"https:\/\/elreporterodelacomunidad.com\/wp-content\/uploads\/2025\/10\/C.P.-XX-CONGRESO-MUNDIAL-Y-XXV-NACIONAL-DE-MEDIACION-2025.SECRETARIO-DEL-AYUNT.-EDUARDO-ACUNA.mp4\"><\/video><\/figure>\n","protected":false},"excerpt":{"rendered":"<p>Destac\u00f3 que la ciudadan\u00eda de Hermosillo cuenta con 2 juzgados c\u00edvicos en los que se procura solucionar de forma pac\u00edfica los conflictos vecinales en las colonias Hermosillo, Sonora a 06 de octubre de 2025.- Con la representaci\u00f3n del Presidente Municipal de Hermosillo, Antonio Astiazar\u00e1n Guti\u00e9rrez, el Secretario del Ayuntamiento, Eduardo Alejo Acu\u00f1a Padilla, dio la [&hellip;]<\/p>\n","protected":false},"author":2,"featured_media":23347,"comment_status":"open","ping_status":"open","sticky":false,"template":"","format":"standard","meta":{"footnotes":""},"categories":[36],"tags":[],"class_list":["post-23346","post","type-post","status-publish","format-standard","has-post-thumbnail","hentry","category-educacion"],"_links":{"self":[{"href":"https:\/\/elreporterodelacomunidad.com\/index.php\/wp-json\/wp\/v2\/posts\/23346","targetHints":{"allow":["GET"]}}],"collection":[{"href":"https:\/\/elreporterodelacomunidad.com\/index.php\/wp-json\/wp\/v2\/posts"}],"about":[{"href":"https:\/\/elreporterodelacomunidad.com\/index.php\/wp-json\/wp\/v2\/types\/post"}],"author":[{"embeddable":true,"href":"https:\/\/elreporterodelacomunidad.com\/index.php\/wp-json\/wp\/v2\/users\/2"}],"replies":[{"embeddable":true,"href":"https:\/\/elreporterodelacomunidad.com\/index.php\/wp-json\/wp\/v2\/comments?post=23346"}],"version-history":[{"count":1,"href":"https:\/\/elreporterodelacomunidad.com\/index.php\/wp-json\/wp\/v2\/posts\/23346\/revisions"}],"predecessor-version":[{"id":23349,"href":"https:\/\/elreporterodelacomunidad.com\/index.php\/wp-json\/wp\/v2\/posts\/23346\/revisions\/23349"}],"wp:featuredmedia":[{"embeddable":true,"href":"https:\/\/elreporterodelacomunidad.com\/index.php\/wp-json\/wp\/v2\/media\/23347"}],"wp:attachment":[{"href":"https:\/\/elreporterodelacomunidad.com\/index.php\/wp-json\/wp\/v2\/media?parent=23346"}],"wp:term":[{"taxonomy":"category","embeddable":true,"href":"https:\/\/elreporterodelacomunidad.com\/index.php\/wp-json\/wp\/v2\/categories?post=23346"},{"taxonomy":"post_tag","embeddable":true,"href":"https:\/\/elreporterodelacomunidad.com\/index.php\/wp-json\/wp\/v2\/tags?post=23346"}],"curies":[{"name":"wp","href":"https:\/\/api.w.org\/{rel}","templated":true}]}}