{"id":23334,"date":"2025-10-06T19:40:11","date_gmt":"2025-10-07T02:40:11","guid":{"rendered":"https:\/\/elreporterodelacomunidad.com\/?p=23334"},"modified":"2025-10-06T19:40:14","modified_gmt":"2025-10-07T02:40:14","slug":"impulsa-ues-movilidad-internacional-de-personal-docente-y-administrativo","status":"publish","type":"post","link":"https:\/\/elreporterodelacomunidad.com\/index.php\/2025\/10\/06\/impulsa-ues-movilidad-internacional-de-personal-docente-y-administrativo\/","title":{"rendered":"Impulsa UES movilidad internacional de personal docente y administrativo"},"content":{"rendered":"\n<p>Hermosillo, Sonora a 06 de octubre de 2025.- Con el respaldo del Gobierno de Sonora, personal acad\u00e9mico y administrativo de la Universidad Estatal de Sonora (UES) participar\u00e1 en el Programa de Intercambio Acad\u00e9mico Latinoamericano (PILA), con estancias en Colombia y Brasil, que fortalecer\u00e1n su desarrollo profesional e institucional.<\/p>\n\n\n\n<p>Durante quince d\u00edas, representantes de la UES colaborar\u00e1n en la Universidad Mariana, la Universidad Surcolombiana, la Universidad La Gran Colombia, la Universidad del Sin\u00fa y la Universidad Cat\u00f3lica Luis Amig\u00f3, en Colombia, as\u00ed como en la Universidade Federal de Goi\u00e1s y la Universidade Federal de Santa Maria, en Brasil, compartiendo experiencias y buenas pr\u00e1cticas administrativas.<\/p>\n\n\n\n<p>La rectora Martha Patricia Pati\u00f1o Fierro reconoci\u00f3 el esfuerzo de las y los seleccionados, a quienes dese\u00f3 \u00e9xito en esta etapa formativa, al destacar que \u201cla movilidad internacional abre nuevas oportunidades de aprendizaje que enriquecen el trabajo de nuestra universidad en beneficio de la comunidad estudiantil\u201d.<\/p>\n\n\n\n<p>Subray\u00f3 que estas experiencias permiten consolidar a la UES como una instituci\u00f3n din\u00e1mica, donde la academia, la planeaci\u00f3n y los servicios administrativos trabajan de manera articulada para responder a los retos educativos y sociales.<\/p>\n\n\n\n<p>El gobernador Alfonso Durazo Monta\u00f1o ha reiterado su respaldo a la internacionalizaci\u00f3n de la educaci\u00f3n superior en Sonora, convencido de que estas iniciativas elevan la calidad de la formaci\u00f3n universitaria y generan impactos positivos en el desarrollo de la entidad.<\/p>\n\n\n\n<p>Con este programa, la UES reafirma su compromiso con la innovaci\u00f3n y el crecimiento profesional de su personal, impulsando una visi\u00f3n global que se traduce en mejores oportunidades para las y los estudiantes sonorenses.<\/p>\n","protected":false},"excerpt":{"rendered":"<p>Hermosillo, Sonora a 06 de octubre de 2025.- Con el respaldo del Gobierno de Sonora, personal acad\u00e9mico y administrativo de la Universidad Estatal de Sonora (UES) participar\u00e1 en el Programa de Intercambio Acad\u00e9mico Latinoamericano (PILA), con estancias en Colombia y Brasil, que fortalecer\u00e1n su desarrollo profesional e institucional. Durante quince d\u00edas, representantes de la UES [&hellip;]<\/p>\n","protected":false},"author":2,"featured_media":23335,"comment_status":"open","ping_status":"open","sticky":false,"template":"","format":"standard","meta":{"footnotes":""},"categories":[36],"tags":[],"class_list":["post-23334","post","type-post","status-publish","format-standard","has-post-thumbnail","hentry","category-educacion"],"_links":{"self":[{"href":"https:\/\/elreporterodelacomunidad.com\/index.php\/wp-json\/wp\/v2\/posts\/23334","targetHints":{"allow":["GET"]}}],"collection":[{"href":"https:\/\/elreporterodelacomunidad.com\/index.php\/wp-json\/wp\/v2\/posts"}],"about":[{"href":"https:\/\/elreporterodelacomunidad.com\/index.php\/wp-json\/wp\/v2\/types\/post"}],"author":[{"embeddable":true,"href":"https:\/\/elreporterodelacomunidad.com\/index.php\/wp-json\/wp\/v2\/users\/2"}],"replies":[{"embeddable":true,"href":"https:\/\/elreporterodelacomunidad.com\/index.php\/wp-json\/wp\/v2\/comments?post=23334"}],"version-history":[{"count":1,"href":"https:\/\/elreporterodelacomunidad.com\/index.php\/wp-json\/wp\/v2\/posts\/23334\/revisions"}],"predecessor-version":[{"id":23336,"href":"https:\/\/elreporterodelacomunidad.com\/index.php\/wp-json\/wp\/v2\/posts\/23334\/revisions\/23336"}],"wp:featuredmedia":[{"embeddable":true,"href":"https:\/\/elreporterodelacomunidad.com\/index.php\/wp-json\/wp\/v2\/media\/23335"}],"wp:attachment":[{"href":"https:\/\/elreporterodelacomunidad.com\/index.php\/wp-json\/wp\/v2\/media?parent=23334"}],"wp:term":[{"taxonomy":"category","embeddable":true,"href":"https:\/\/elreporterodelacomunidad.com\/index.php\/wp-json\/wp\/v2\/categories?post=23334"},{"taxonomy":"post_tag","embeddable":true,"href":"https:\/\/elreporterodelacomunidad.com\/index.php\/wp-json\/wp\/v2\/tags?post=23334"}],"curies":[{"name":"wp","href":"https:\/\/api.w.org\/{rel}","templated":true}]}}