{"id":23267,"date":"2025-10-05T18:54:46","date_gmt":"2025-10-06T01:54:46","guid":{"rendered":"https:\/\/elreporterodelacomunidad.com\/?p=23267"},"modified":"2025-10-05T18:55:02","modified_gmt":"2025-10-06T01:55:02","slug":"alumno-de-cecyte-representa-a-mexico-en-torneo-mundial-de-beisbol","status":"publish","type":"post","link":"https:\/\/elreporterodelacomunidad.com\/index.php\/2025\/10\/05\/alumno-de-cecyte-representa-a-mexico-en-torneo-mundial-de-beisbol\/","title":{"rendered":"Alumno de Cecyte representa a M\u00e9xico en Torneo Mundial de Beisbol"},"content":{"rendered":"\n<p>Hermosillo, Sonora a 05 de octubre de 2025.- Ricardo Gerardo Valenzuela Valenzuela, alumno del Colegio de Estudios Cient\u00edficos y Tecnol\u00f3gicos del Estado de Sonora (Cecyte), plantel Bacobampo, represent\u00f3 a M\u00e9xico en la Serie Mundial Cal Ripken U14 en Hot Springs, celebrado en Arkansas, Estados Unidos, donde junto con su equipo ganaron el Subcampeonato Mundial.<\/p>\n\n\n\n<p>Ricardo, quien actualmente cursa su primer semestre, ha destacado a nivel nacional e internacional por su sobresaliente desempe\u00f1o en el b\u00e9isbol y ya es reconocido como una joven promesa del deporte, jugando con gran habilidad en las posiciones de pitcher, fielder e infield.<\/p>\n\n\n\n<p>La directora general de Cecyte Sonora, Blanca Aurelia Valenzuela, expres\u00f3 que, desde los seis a\u00f1os, Ricardo ha forjado una carrera deportiva s\u00f3lida, participando activamente en torneos regionales, estatales y nacionales.<\/p>\n\n\n\n<p>\u201cEl \u00e9xito de Ricardo no solo refleja su talento y dedicaci\u00f3n, sino tambi\u00e9n el compromiso de nuestros estudiantes por alcanzar sus sue\u00f1os\u201d, destac\u00f3.<\/p>\n\n\n\n<p>Cecyte reafirm\u00f3 el compromiso del Gobierno de Sonora con la formaci\u00f3n de juventudes responsables, talentosas y competitivas, brindando espacios, apoyos y oportunidades que fortalezcan tanto la educaci\u00f3n como el deporte en nuestra entidad.<\/p>\n\n\n\n<p class=\"has-text-align-center\"><img loading=\"lazy\" decoding=\"async\" width=\"500\" height=\"831\" class=\"wp-image-23269\" style=\"width: 500px;\" src=\"https:\/\/elreporterodelacomunidad.com\/wp-content\/uploads\/2025\/10\/ddd.jpg\" alt=\"\" srcset=\"https:\/\/elreporterodelacomunidad.com\/wp-content\/uploads\/2025\/10\/ddd.jpg 770w, https:\/\/elreporterodelacomunidad.com\/wp-content\/uploads\/2025\/10\/ddd-180x300.jpg 180w, https:\/\/elreporterodelacomunidad.com\/wp-content\/uploads\/2025\/10\/ddd-616x1024.jpg 616w, https:\/\/elreporterodelacomunidad.com\/wp-content\/uploads\/2025\/10\/ddd-768x1277.jpg 768w, https:\/\/elreporterodelacomunidad.com\/wp-content\/uploads\/2025\/10\/ddd-750x1247.jpg 750w\" sizes=\"auto, (max-width: 500px) 100vw, 500px\" \/><\/p>\n","protected":false},"excerpt":{"rendered":"<p>Hermosillo, Sonora a 05 de octubre de 2025.- Ricardo Gerardo Valenzuela Valenzuela, alumno del Colegio de Estudios Cient\u00edficos y Tecnol\u00f3gicos del Estado de Sonora (Cecyte), plantel Bacobampo, represent\u00f3 a M\u00e9xico en la Serie Mundial Cal Ripken U14 en Hot Springs, celebrado en Arkansas, Estados Unidos, donde junto con su equipo ganaron el Subcampeonato Mundial. Ricardo, [&hellip;]<\/p>\n","protected":false},"author":5,"featured_media":23268,"comment_status":"open","ping_status":"open","sticky":false,"template":"","format":"standard","meta":{"footnotes":""},"categories":[33],"tags":[],"class_list":["post-23267","post","type-post","status-publish","format-standard","has-post-thumbnail","hentry","category-deportes"],"_links":{"self":[{"href":"https:\/\/elreporterodelacomunidad.com\/index.php\/wp-json\/wp\/v2\/posts\/23267","targetHints":{"allow":["GET"]}}],"collection":[{"href":"https:\/\/elreporterodelacomunidad.com\/index.php\/wp-json\/wp\/v2\/posts"}],"about":[{"href":"https:\/\/elreporterodelacomunidad.com\/index.php\/wp-json\/wp\/v2\/types\/post"}],"author":[{"embeddable":true,"href":"https:\/\/elreporterodelacomunidad.com\/index.php\/wp-json\/wp\/v2\/users\/5"}],"replies":[{"embeddable":true,"href":"https:\/\/elreporterodelacomunidad.com\/index.php\/wp-json\/wp\/v2\/comments?post=23267"}],"version-history":[{"count":1,"href":"https:\/\/elreporterodelacomunidad.com\/index.php\/wp-json\/wp\/v2\/posts\/23267\/revisions"}],"predecessor-version":[{"id":23270,"href":"https:\/\/elreporterodelacomunidad.com\/index.php\/wp-json\/wp\/v2\/posts\/23267\/revisions\/23270"}],"wp:featuredmedia":[{"embeddable":true,"href":"https:\/\/elreporterodelacomunidad.com\/index.php\/wp-json\/wp\/v2\/media\/23268"}],"wp:attachment":[{"href":"https:\/\/elreporterodelacomunidad.com\/index.php\/wp-json\/wp\/v2\/media?parent=23267"}],"wp:term":[{"taxonomy":"category","embeddable":true,"href":"https:\/\/elreporterodelacomunidad.com\/index.php\/wp-json\/wp\/v2\/categories?post=23267"},{"taxonomy":"post_tag","embeddable":true,"href":"https:\/\/elreporterodelacomunidad.com\/index.php\/wp-json\/wp\/v2\/tags?post=23267"}],"curies":[{"name":"wp","href":"https:\/\/api.w.org\/{rel}","templated":true}]}}