{"id":23240,"date":"2025-10-03T18:48:42","date_gmt":"2025-10-04T01:48:42","guid":{"rendered":"https:\/\/elreporterodelacomunidad.com\/?p=23240"},"modified":"2025-10-03T18:49:06","modified_gmt":"2025-10-04T01:49:06","slug":"conmemora-42-aniversario-de-la-ues","status":"publish","type":"post","link":"https:\/\/elreporterodelacomunidad.com\/index.php\/2025\/10\/03\/conmemora-42-aniversario-de-la-ues\/","title":{"rendered":"Conmemora 42 aniversario de la UES"},"content":{"rendered":"\n<p><strong>\u00a0<\/strong><strong>Hermosillo, Sonora a 03 de octubre de 2025<\/strong>.-\u00a0Con actividades acad\u00e9micas, culturales y festivas, as\u00ed como m\u00e1s de quince mil estudiantes en programas presenciales y virtuales, la Universidad Estatal de Sonora (UES) celebr\u00f3 su cuadrag\u00e9simo segundo aniversario consolidada como una instituci\u00f3n clave para el desarrollo educativo y social de la entidad.<\/p>\n\n\n\n<p>Fundada en 1983 en San Luis R\u00edo Colorado, la UES ha extendido su presencia a cinco Unidades Acad\u00e9micas en Hermosillo, San Luis R\u00edo Colorado, Navojoa, Magdalena y Benito Ju\u00e1rez, atendiendo a j\u00f3venes de distintas regiones del estado.<\/p>\n\n\n\n<p>El titular de la Secretar\u00eda de Educaci\u00f3n y Cultura (SEC), Froyl\u00e1n G\u00e1mez Gamboa, reconoci\u00f3 el crecimiento y buen rumbo de la UES, adem\u00e1s de subrayar que con el apoyo del gobernador Alfonso Durazo, cada vez son m\u00e1s estudiantes los beneficiados con las Becas Sonora de Oportunidades, porque la educaci\u00f3n es el gran igualador de oportunidades.<\/p>\n\n\n\n<p>Por su parte, la rectora Martha Patricia Pati\u00f1o Fierro, destac\u00f3 que la universidad vive una etapa de fortalecimiento gracias al respaldo del mandatario y el de la presidenta Claudia Sheinbaum Pardo, lo que permite consolidar proyectos estrat\u00e9gicos en beneficio de la comunidad estudiantil.<\/p>\n\n\n\n<p>\u201cEste aniversario representa la oportunidad de reconocer el esfuerzo de generaciones que han hecho posible el crecimiento de la UES, pero sobre todo de proyectar un futuro donde nuestras y nuestros estudiantes sigan siendo el motor del desarrollo de Sonora\u201d, expres\u00f3.<\/p>\n\n\n\n<p>La instituci\u00f3n cuenta actualmente con veintisiete programas de licenciatura, ingenier\u00eda y posgrado, una planta docente de m\u00e1s de mil maestras y maestros, y un registro de cerca de treinta mil egresadas y egresados que hoy contribuyen al crecimiento de Sonora.<\/p>\n\n\n\n<p>El Gobierno de Sonora, a trav\u00e9s de la UES, refrenda su compromiso con la formaci\u00f3n de profesionales competitivos y con la transformaci\u00f3n social de la entidad, convencidos de que, como el berrendo, continuaremos avanzando con paso firme e imparable.&nbsp;<\/p>\n","protected":false},"excerpt":{"rendered":"<p>\u00a0Hermosillo, Sonora a 03 de octubre de 2025.-\u00a0Con actividades acad\u00e9micas, culturales y festivas, as\u00ed como m\u00e1s de quince mil estudiantes en programas presenciales y virtuales, la Universidad Estatal de Sonora (UES) celebr\u00f3 su cuadrag\u00e9simo segundo aniversario consolidada como una instituci\u00f3n clave para el desarrollo educativo y social de la entidad. Fundada en 1983 en San [&hellip;]<\/p>\n","protected":false},"author":2,"featured_media":23241,"comment_status":"open","ping_status":"open","sticky":false,"template":"","format":"standard","meta":{"footnotes":""},"categories":[36],"tags":[],"class_list":["post-23240","post","type-post","status-publish","format-standard","has-post-thumbnail","hentry","category-educacion"],"_links":{"self":[{"href":"https:\/\/elreporterodelacomunidad.com\/index.php\/wp-json\/wp\/v2\/posts\/23240","targetHints":{"allow":["GET"]}}],"collection":[{"href":"https:\/\/elreporterodelacomunidad.com\/index.php\/wp-json\/wp\/v2\/posts"}],"about":[{"href":"https:\/\/elreporterodelacomunidad.com\/index.php\/wp-json\/wp\/v2\/types\/post"}],"author":[{"embeddable":true,"href":"https:\/\/elreporterodelacomunidad.com\/index.php\/wp-json\/wp\/v2\/users\/2"}],"replies":[{"embeddable":true,"href":"https:\/\/elreporterodelacomunidad.com\/index.php\/wp-json\/wp\/v2\/comments?post=23240"}],"version-history":[{"count":2,"href":"https:\/\/elreporterodelacomunidad.com\/index.php\/wp-json\/wp\/v2\/posts\/23240\/revisions"}],"predecessor-version":[{"id":23243,"href":"https:\/\/elreporterodelacomunidad.com\/index.php\/wp-json\/wp\/v2\/posts\/23240\/revisions\/23243"}],"wp:featuredmedia":[{"embeddable":true,"href":"https:\/\/elreporterodelacomunidad.com\/index.php\/wp-json\/wp\/v2\/media\/23241"}],"wp:attachment":[{"href":"https:\/\/elreporterodelacomunidad.com\/index.php\/wp-json\/wp\/v2\/media?parent=23240"}],"wp:term":[{"taxonomy":"category","embeddable":true,"href":"https:\/\/elreporterodelacomunidad.com\/index.php\/wp-json\/wp\/v2\/categories?post=23240"},{"taxonomy":"post_tag","embeddable":true,"href":"https:\/\/elreporterodelacomunidad.com\/index.php\/wp-json\/wp\/v2\/tags?post=23240"}],"curies":[{"name":"wp","href":"https:\/\/api.w.org\/{rel}","templated":true}]}}