{"id":23230,"date":"2025-10-03T18:28:08","date_gmt":"2025-10-04T01:28:08","guid":{"rendered":"https:\/\/elreporterodelacomunidad.com\/?p=23230"},"modified":"2025-10-03T18:28:12","modified_gmt":"2025-10-04T01:28:12","slug":"carin-leon-es-reconocido-como-exalumno-distinguido-de-la-secundaria-general-no-4","status":"publish","type":"post","link":"https:\/\/elreporterodelacomunidad.com\/index.php\/2025\/10\/03\/carin-leon-es-reconocido-como-exalumno-distinguido-de-la-secundaria-general-no-4\/","title":{"rendered":"Car\u00edn Le\u00f3n es reconocido como exalumno distinguido de la secundaria General No. 4"},"content":{"rendered":"\n<p>El cantante hermosillense fue homenajeado en el plantel escolar de la colonia Balderrama, acompa\u00f1ado de alumnos y maestros.<\/p>\n\n\n\n<p><strong>Hermosillo, Sonora a 03 de octubre de 2025.-<\/strong> Car\u00edn Le\u00f3n recibi\u00f3 uno de los homenajes m\u00e1s especiales que hayan tenido lugar en su ciudad natal Hermosillo, al ser reconocido como exalumno distinguido de la secundaria General No. 4 \u201cProf. Rub\u00e9n A. Guti\u00e9rrez Carranza\u201d.<\/p>\n\n\n\n<p>El cantante hermosillense arrib\u00f3 al plantel escolar ubicado en la colonia Balderrama poco despu\u00e9s de las 12:30 horas de este viernes 3 de octubre, acompa\u00f1ado de su pareja Meylin Z\u00fa\u00f1iga y siendo recibido por la m\u00fasica en vivo de estudiantes del Cobach, quienes se unieron a la celebraci\u00f3n con este acto especial.<\/p>\n\n\n\n<p>&#8220;Se siente bien bonito estar de vuelta por ac\u00e1. Ten\u00eda much\u00edsimo ya, creo unos 20 a\u00f1os aproximadamente que no pis\u00e1bamos este lugar&#8221;, se\u00f1al\u00f3 Car\u00edn Le\u00f3n.<\/p>\n\n\n\n<p>\u201cTengo muy presentes recuerdos como si hubiera sido ayer. M\u00e1s que agradecerles quisiera darles una inspiraci\u00f3n esta tarde a los presentes. A toda la gente que tiene sue\u00f1os: deportistas, artistas, matem\u00e1ticos, bi\u00f3logos\u2026 Est\u00e1n en una gran instituci\u00f3n para llegar a serlo\u201d.<\/p>\n\n\n\n<p>El int\u00e9rprete de \u201cSeg\u00fan Qui\u00e9n\u201d y \u201cPrimera Cita\u201d se despidi\u00f3 de los alumnos presentes motiv\u00e1ndolos a perseguir sus sue\u00f1os y disfrutar del momento presente.<\/p>\n\n\n\n<p class=\"has-text-align-center\"><img loading=\"lazy\" decoding=\"async\" width=\"500\" height=\"333\" class=\"wp-image-23233\" style=\"width: 500px;\" src=\"https:\/\/elreporterodelacomunidad.com\/wp-content\/uploads\/2025\/10\/Foto-03oct2025-5.jpeg\" alt=\"\" srcset=\"https:\/\/elreporterodelacomunidad.com\/wp-content\/uploads\/2025\/10\/Foto-03oct2025-5.jpeg 1280w, https:\/\/elreporterodelacomunidad.com\/wp-content\/uploads\/2025\/10\/Foto-03oct2025-5-300x200.jpeg 300w, https:\/\/elreporterodelacomunidad.com\/wp-content\/uploads\/2025\/10\/Foto-03oct2025-5-1024x682.jpeg 1024w, https:\/\/elreporterodelacomunidad.com\/wp-content\/uploads\/2025\/10\/Foto-03oct2025-5-768x512.jpeg 768w, https:\/\/elreporterodelacomunidad.com\/wp-content\/uploads\/2025\/10\/Foto-03oct2025-5-750x500.jpeg 750w, https:\/\/elreporterodelacomunidad.com\/wp-content\/uploads\/2025\/10\/Foto-03oct2025-5-1140x760.jpeg 1140w\" sizes=\"auto, (max-width: 500px) 100vw, 500px\" \/><\/p>\n\n\n\n<p>&#8220;Disfruten estos d\u00edas, disfruten su escuela, disfruten a sus compa\u00f1eros, porque cuando menos piensan, ya no est\u00e1n en este lugar&#8221;<\/p>\n\n\n\n<p>\u201cPasan los a\u00f1os muy r\u00e1pido, lo mejor que les puedo decir es qu\u00e9 sigan viviendo, sigan disfrutando estos momentos que nunca se van a repetir\u201d.<\/p>\n\n\n\n<p>El director de la secundaria General No. 4, Carlos Garc\u00eda Medina, le entreg\u00f3 a Car\u00edn Le\u00f3n un certificado simb\u00f3lico de su paso por este plantel que justo est\u00e1 celebrando 50 a\u00f1os de historia; mientras que el secretario de Educaci\u00f3n y Cultura, Froyl\u00e1n G\u00e1mez Gamboa, hizo entrega del reconocimiento.<\/p>\n\n\n\n<p>\u201cNos sentimos profundamente orgullosos de tener en esta secundaria General No. 4 a un egresado como Car\u00edn Le\u00f3n. Un egresado que inspira a muchas y muchos sonorenses. Un egresado de esta escuela que hoy es orgullo internacional\u201d, apunt\u00f3 el funcionario estatal.<\/p>\n\n\n\n<p>\u201cAqu\u00ed en esta escuela egresan extraordinarios elementos. Y es a base del esfuerzo, de la disciplina, de la educaci\u00f3n y de las ganas que ustedes tengan para salir adelante. Vean en Car\u00edn Le\u00f3n una fuente de inspiraci\u00f3n. \u00c9l participaba en las rondallas y vean hasta d\u00f3nde ha llegado\u201d, record\u00f3 G\u00e1mez Gamboa, tambi\u00e9n exalumno de esta escuela.<\/p>\n\n\n\n<p>&#8220;Pero adem\u00e1s, algo muy importante: que siempre se sientan orgullosos de sus ra\u00edces. Car\u00edn Le\u00f3n a donde va habla de Hermosillo, lo lleva en el coraz\u00f3n, lo pone en alto y hoy Hermosillo suena en todo el mundo gracias a Car\u00edn Le\u00f3n&#8221;.<\/p>\n\n\n\n<p class=\"has-text-align-center\"><img loading=\"lazy\" decoding=\"async\" width=\"500\" height=\"255\" class=\"wp-image-23234\" style=\"width: 500px;\" src=\"https:\/\/elreporterodelacomunidad.com\/wp-content\/uploads\/2025\/10\/q-1.jpg\" alt=\"\" srcset=\"https:\/\/elreporterodelacomunidad.com\/wp-content\/uploads\/2025\/10\/q-1.jpg 833w, https:\/\/elreporterodelacomunidad.com\/wp-content\/uploads\/2025\/10\/q-1-300x153.jpg 300w, https:\/\/elreporterodelacomunidad.com\/wp-content\/uploads\/2025\/10\/q-1-768x391.jpg 768w, https:\/\/elreporterodelacomunidad.com\/wp-content\/uploads\/2025\/10\/q-1-750x382.jpg 750w\" sizes=\"auto, (max-width: 500px) 100vw, 500px\" \/><\/p>\n","protected":false},"excerpt":{"rendered":"<p>El cantante hermosillense fue homenajeado en el plantel escolar de la colonia Balderrama, acompa\u00f1ado de alumnos y maestros. Hermosillo, Sonora a 03 de octubre de 2025.- Car\u00edn Le\u00f3n recibi\u00f3 uno de los homenajes m\u00e1s especiales que hayan tenido lugar en su ciudad natal Hermosillo, al ser reconocido como exalumno distinguido de la secundaria General No. [&hellip;]<\/p>\n","protected":false},"author":1,"featured_media":23232,"comment_status":"open","ping_status":"open","sticky":false,"template":"","format":"standard","meta":{"footnotes":""},"categories":[36],"tags":[],"class_list":["post-23230","post","type-post","status-publish","format-standard","has-post-thumbnail","hentry","category-educacion"],"_links":{"self":[{"href":"https:\/\/elreporterodelacomunidad.com\/index.php\/wp-json\/wp\/v2\/posts\/23230","targetHints":{"allow":["GET"]}}],"collection":[{"href":"https:\/\/elreporterodelacomunidad.com\/index.php\/wp-json\/wp\/v2\/posts"}],"about":[{"href":"https:\/\/elreporterodelacomunidad.com\/index.php\/wp-json\/wp\/v2\/types\/post"}],"author":[{"embeddable":true,"href":"https:\/\/elreporterodelacomunidad.com\/index.php\/wp-json\/wp\/v2\/users\/1"}],"replies":[{"embeddable":true,"href":"https:\/\/elreporterodelacomunidad.com\/index.php\/wp-json\/wp\/v2\/comments?post=23230"}],"version-history":[{"count":1,"href":"https:\/\/elreporterodelacomunidad.com\/index.php\/wp-json\/wp\/v2\/posts\/23230\/revisions"}],"predecessor-version":[{"id":23235,"href":"https:\/\/elreporterodelacomunidad.com\/index.php\/wp-json\/wp\/v2\/posts\/23230\/revisions\/23235"}],"wp:featuredmedia":[{"embeddable":true,"href":"https:\/\/elreporterodelacomunidad.com\/index.php\/wp-json\/wp\/v2\/media\/23232"}],"wp:attachment":[{"href":"https:\/\/elreporterodelacomunidad.com\/index.php\/wp-json\/wp\/v2\/media?parent=23230"}],"wp:term":[{"taxonomy":"category","embeddable":true,"href":"https:\/\/elreporterodelacomunidad.com\/index.php\/wp-json\/wp\/v2\/categories?post=23230"},{"taxonomy":"post_tag","embeddable":true,"href":"https:\/\/elreporterodelacomunidad.com\/index.php\/wp-json\/wp\/v2\/tags?post=23230"}],"curies":[{"name":"wp","href":"https:\/\/api.w.org\/{rel}","templated":true}]}}