{"id":23225,"date":"2025-10-02T23:59:34","date_gmt":"2025-10-03T06:59:34","guid":{"rendered":"https:\/\/elreporterodelacomunidad.com\/?p=23225"},"modified":"2025-10-02T23:59:45","modified_gmt":"2025-10-03T06:59:45","slug":"premia-sec-a-ganadores-estatales-del-48-concurso-nacional-de-pintura-infantil-la-ninez-y-la-mar","status":"publish","type":"post","link":"https:\/\/elreporterodelacomunidad.com\/index.php\/2025\/10\/02\/premia-sec-a-ganadores-estatales-del-48-concurso-nacional-de-pintura-infantil-la-ninez-y-la-mar\/","title":{"rendered":"Premia SEC a ganadores estatales del 48 Concurso Nacional de Pintura Infantil &#8220;La Ni\u00f1ez y La Mar &#8220;"},"content":{"rendered":"\n<p>Hermosillo, Sonora a 02 de octubre de 2025.- Por su gran esfuerzo, creatividad y talento al plasmar su visi\u00f3n sobre el cuidado del oc\u00e9ano y la importancia de la conciencia ecol\u00f3gica mar\u00edtima, el Gobierno de Sonora, a trav\u00e9s de la Secretar\u00eda de Educaci\u00f3n y Cultura (SEC) reconoci\u00f3 a los tres primeros lugares estatales del 48 Concurso Nacional de Pintura Infantil &#8220;La Ni\u00f1ez y La Mar&#8221;.<\/p>\n\n\n\n<p>Previamente, la Secretar\u00eda de Marina-Armada de M\u00e9xico, en coordinaci\u00f3n con las autoridades educativas estatales, invit\u00f3 a las ni\u00f1as y ni\u00f1os del pa\u00eds a demostrar su creatividad a trav\u00e9s de un dibujo o pintura por medio de este importante concurso al que fueron convocados miles de estudiantes de 6 a 12 a\u00f1os en la entidad.<\/p>\n\n\n\n<p>El titular de la SEC, Froyl\u00e1n G\u00e1mez Gamboa, destac\u00f3 que las tres ganadoras estatales son un talento que inspira a la ni\u00f1ez sonorense por lo que las alent\u00f3 a continuar pintando, so\u00f1ando y record\u00e1ndole a la sociedad, con su arte, la importancia de cuidar el planeta.<\/p>\n\n\n\n<p>Haciendo uso de acuarelas, crayones, \u00f3leo, gises, plumones o pincelines en papel ilustraci\u00f3n, cartulina, cascar\u00f3n o cartoncillo, 258 menores de diversos municipios de la entidad lograron llegar a la etapa estatal, de la cual se seleccionaron los tres primeros lugares.<\/p>\n\n\n\n<p>Los ganadores de cada estado fueron definidos conforme a las bases de la convocatoria nacional, adem\u00e1s de destacar por el esfuerzo, creatividad y talento al plasmar su imaginaci\u00f3n entorno al mar y sus elementos.<\/p>\n\n\n\n<p>La difusi\u00f3n de la convocatoria se realiz\u00f3 a trav\u00e9s de la estructura educativa, con el apoyo de directivos y docentes, quienes promovieron entre la ni\u00f1ez sonorense la realizaci\u00f3n de una pintura o dibujo para fomentar el amor y cuidado del entorno marino.<\/p>\n\n\n\n<p>Ganadores 2025:<br>\u2022 Primer lugar: Kimbra Camarena Mart\u00ednez, Caborca. T\u00edtulo: \u201cEl cielo cuida lo que el mundo olvida\u201d.<br>\u2022 Segundo lugar: Victoria Anah\u00ed Carraza Villela, \u00cdmuris. T\u00edtulo: \u201cCuidando la vida marina\u201d.<br>\u2022 Tercer lugar: Danna Michelle Vidal Mendoza, Hermosillo. T\u00edtulo: \u201cEl poder de los ni\u00f1os\u201d.<\/p>\n\n\n\n<p class=\"has-text-align-center\"><img loading=\"lazy\" decoding=\"async\" width=\"500\" height=\"333\" class=\"wp-image-23227\" style=\"width: 500px;\" src=\"https:\/\/elreporterodelacomunidad.com\/wp-content\/uploads\/2025\/10\/99-1.jpg\" alt=\"\" srcset=\"https:\/\/elreporterodelacomunidad.com\/wp-content\/uploads\/2025\/10\/99-1.jpg 1600w, https:\/\/elreporterodelacomunidad.com\/wp-content\/uploads\/2025\/10\/99-1-300x200.jpg 300w, https:\/\/elreporterodelacomunidad.com\/wp-content\/uploads\/2025\/10\/99-1-1024x683.jpg 1024w, https:\/\/elreporterodelacomunidad.com\/wp-content\/uploads\/2025\/10\/99-1-768x512.jpg 768w, https:\/\/elreporterodelacomunidad.com\/wp-content\/uploads\/2025\/10\/99-1-1536x1024.jpg 1536w, https:\/\/elreporterodelacomunidad.com\/wp-content\/uploads\/2025\/10\/99-1-750x500.jpg 750w, https:\/\/elreporterodelacomunidad.com\/wp-content\/uploads\/2025\/10\/99-1-1140x760.jpg 1140w\" sizes=\"auto, (max-width: 500px) 100vw, 500px\" \/><\/p>\n","protected":false},"excerpt":{"rendered":"<p>Hermosillo, Sonora a 02 de octubre de 2025.- Por su gran esfuerzo, creatividad y talento al plasmar su visi\u00f3n sobre el cuidado del oc\u00e9ano y la importancia de la conciencia ecol\u00f3gica mar\u00edtima, el Gobierno de Sonora, a trav\u00e9s de la Secretar\u00eda de Educaci\u00f3n y Cultura (SEC) reconoci\u00f3 a los tres primeros lugares estatales del 48 [&hellip;]<\/p>\n","protected":false},"author":2,"featured_media":23226,"comment_status":"open","ping_status":"open","sticky":false,"template":"","format":"standard","meta":{"footnotes":""},"categories":[36],"tags":[],"class_list":["post-23225","post","type-post","status-publish","format-standard","has-post-thumbnail","hentry","category-educacion"],"_links":{"self":[{"href":"https:\/\/elreporterodelacomunidad.com\/index.php\/wp-json\/wp\/v2\/posts\/23225","targetHints":{"allow":["GET"]}}],"collection":[{"href":"https:\/\/elreporterodelacomunidad.com\/index.php\/wp-json\/wp\/v2\/posts"}],"about":[{"href":"https:\/\/elreporterodelacomunidad.com\/index.php\/wp-json\/wp\/v2\/types\/post"}],"author":[{"embeddable":true,"href":"https:\/\/elreporterodelacomunidad.com\/index.php\/wp-json\/wp\/v2\/users\/2"}],"replies":[{"embeddable":true,"href":"https:\/\/elreporterodelacomunidad.com\/index.php\/wp-json\/wp\/v2\/comments?post=23225"}],"version-history":[{"count":1,"href":"https:\/\/elreporterodelacomunidad.com\/index.php\/wp-json\/wp\/v2\/posts\/23225\/revisions"}],"predecessor-version":[{"id":23228,"href":"https:\/\/elreporterodelacomunidad.com\/index.php\/wp-json\/wp\/v2\/posts\/23225\/revisions\/23228"}],"wp:featuredmedia":[{"embeddable":true,"href":"https:\/\/elreporterodelacomunidad.com\/index.php\/wp-json\/wp\/v2\/media\/23226"}],"wp:attachment":[{"href":"https:\/\/elreporterodelacomunidad.com\/index.php\/wp-json\/wp\/v2\/media?parent=23225"}],"wp:term":[{"taxonomy":"category","embeddable":true,"href":"https:\/\/elreporterodelacomunidad.com\/index.php\/wp-json\/wp\/v2\/categories?post=23225"},{"taxonomy":"post_tag","embeddable":true,"href":"https:\/\/elreporterodelacomunidad.com\/index.php\/wp-json\/wp\/v2\/tags?post=23225"}],"curies":[{"name":"wp","href":"https:\/\/api.w.org\/{rel}","templated":true}]}}