{"id":23200,"date":"2025-10-02T19:47:29","date_gmt":"2025-10-03T02:47:29","guid":{"rendered":"https:\/\/elreporterodelacomunidad.com\/?p=23200"},"modified":"2025-10-02T19:47:34","modified_gmt":"2025-10-03T02:47:34","slug":"inicia-en-unison-el-ii-congreso-internacional-de-derecho","status":"publish","type":"post","link":"https:\/\/elreporterodelacomunidad.com\/index.php\/2025\/10\/02\/inicia-en-unison-el-ii-congreso-internacional-de-derecho\/","title":{"rendered":"Inicia en Unison el II Congreso Internacional de Derecho"},"content":{"rendered":"\n<p>Hermosillo, Sonora, 2 de octubre de 2025.- Con una amplia participaci\u00f3n de acad\u00e9micos, investigadores, estudiantes, integrantes de la sociedad civil y profesionales de las ciencias jur\u00eddicas del estado, de M\u00e9xico y varios pa\u00edses, inici\u00f3 en la Universidad de Sonora el II Congreso Internacional de Derecho.<\/p>\n\n\n\n<p>El evento, que busca promover el an\u00e1lisis, la reflexi\u00f3n y la actualizaci\u00f3n en esta \u00e1rea de estudio, fue inaugurado por el secretario General Acad\u00e9mico, Enrique Bolado Mart\u00ednez, quien destac\u00f3 los avances de la organizaci\u00f3n que ha logrado duplicar la participaci\u00f3n respecto a lo que fue la primera edici\u00f3n.<\/p>\n\n\n\n<p>Consider\u00f3 de gran importancia los ejes tem\u00e1ticos que se abordar\u00e1n durante la jornada de hoy y ma\u00f1ana, porque son nuevos retos y necesidades de actualizaci\u00f3n en el marco del conocimiento jur\u00eddico que enfrenta la sociedad.<\/p>\n\n\n\n<p>\u201cA trav\u00e9s de la historia hemos visto que cuando la sociedad se transforma, el derecho se ajusta, hace suyos los cambios y crea los marcos normativos para clarificar los l\u00edmites de acci\u00f3n de los individuos, de la sociedad y del derecho mismo y, justamente, esa es la esencia que impulsa la organizaci\u00f3n de este segundo Congreso Internacional de Derecho de la Universidad de Sonora\u201d, enfatiz\u00f3.<\/p>\n\n\n\n<p>La bienvenida estuvo a cargo del jefe del Departamento de Derecho, H\u00e9ctor Guillermo Campbell Araujo, quien destac\u00f3 que la disciplina jur\u00eddica no debe limitarse solamente a la operaci\u00f3n de normas escritas, debe derivarse en la reflexi\u00f3n cr\u00edtica y consciente para encontrar las soluciones que permitan a esta localidad, al estado, al pa\u00eds y el orbe seguir funcionando.<\/p>\n\n\n\n<p class=\"has-text-align-center\"><img loading=\"lazy\" decoding=\"async\" width=\"500\" height=\"303\" class=\"wp-image-23202\" style=\"width: 500px;\" src=\"https:\/\/elreporterodelacomunidad.com\/wp-content\/uploads\/2025\/10\/thumbnail_Inauguracion-del-II-Congreso-Internacional-de-Derecho-2.jpg\" alt=\"\" srcset=\"https:\/\/elreporterodelacomunidad.com\/wp-content\/uploads\/2025\/10\/thumbnail_Inauguracion-del-II-Congreso-Internacional-de-Derecho-2.jpg 1575w, https:\/\/elreporterodelacomunidad.com\/wp-content\/uploads\/2025\/10\/thumbnail_Inauguracion-del-II-Congreso-Internacional-de-Derecho-2-300x182.jpg 300w, https:\/\/elreporterodelacomunidad.com\/wp-content\/uploads\/2025\/10\/thumbnail_Inauguracion-del-II-Congreso-Internacional-de-Derecho-2-1024x620.jpg 1024w, https:\/\/elreporterodelacomunidad.com\/wp-content\/uploads\/2025\/10\/thumbnail_Inauguracion-del-II-Congreso-Internacional-de-Derecho-2-768x465.jpg 768w, https:\/\/elreporterodelacomunidad.com\/wp-content\/uploads\/2025\/10\/thumbnail_Inauguracion-del-II-Congreso-Internacional-de-Derecho-2-1536x930.jpg 1536w, https:\/\/elreporterodelacomunidad.com\/wp-content\/uploads\/2025\/10\/thumbnail_Inauguracion-del-II-Congreso-Internacional-de-Derecho-2-750x454.jpg 750w, https:\/\/elreporterodelacomunidad.com\/wp-content\/uploads\/2025\/10\/thumbnail_Inauguracion-del-II-Congreso-Internacional-de-Derecho-2-1140x691.jpg 1140w\" sizes=\"auto, (max-width: 500px) 100vw, 500px\" \/><\/p>\n\n\n\n<p>Programa, tem\u00e1tica y participaci\u00f3n<\/p>\n\n\n\n<p>Sobre el programa, la tem\u00e1tica y la participaci\u00f3n de alumnos, estudiantes, profesionales de la rama jur\u00eddica habl\u00f3 el presidente del comit\u00e9 organizador, Luis Alonso Hagelsieb D\u00f3rame, quien tambi\u00e9n dio la bienvenida a los asistentes de este II Congreso Internacional de Derecho y evoc\u00f3 el recuerdo del 2 de octubre de 1968 para afirmar que el derecho es una exigencia moral de justicia, memoria y dignidad.<\/p>\n\n\n\n<p>Mencion\u00f3 que en la organizaci\u00f3n de este evento participan docentes y estudiantes de los cinco campus en donde se imparte la Licenciatura en Derecho que son Santa Ana, Caborca, Navojoa, Nogales y Hermosillo.<\/p>\n\n\n\n<p>El encuentro, se\u00f1al\u00f3, se plante\u00f3 como un foro plural e interdisciplinario que reconoce el papel del conocimiento jur\u00eddico en la transformaci\u00f3n de realidades, la construcci\u00f3n de justicia y el fortalecimiento del di\u00e1logo y la cooperaci\u00f3n m\u00e1s all\u00e1 de fronteras geogr\u00e1ficas o generacionales.<\/p>\n\n\n\n<p>Dijo que durante las dos jornadas de actividades se explorar\u00e1n ocho ejes tem\u00e1ticos fundamentales que reflejan los retos contempor\u00e1neos del derecho entre los que se encuentra la defensa de los derechos humanos, la b\u00fasqueda de justicia social y los desaf\u00edos del derecho y la tecnolog\u00eda, la complejidad del derecho internacional, la evoluci\u00f3n del derecho penal, procesal, familiar y migratorio, entre muchos m\u00e1s.<\/p>\n\n\n\n<p>Habr\u00e1 cuatro conferencias magistrales con participantes de M\u00e9xico, Cuba, Estados Unidos y Espa\u00f1a, tambi\u00e9n habr\u00e1 ocho talleres especializados, 140 ponencias con la participaci\u00f3n de 261 ponentes provenientes de 36 universidades y 12 pa\u00edses.<\/p>\n\n\n\n<p>Durante la ceremonia inaugural estuvieron presentes tambi\u00e9n el secretario General Administrativo, Guillermo Cuamea Cruz; el coordinador General de la Facultad Interdisciplinaria de Ciencias Sociales, C\u00e9sar Octavio Tapia Fonllem; y el subsecretario de lo Contencioso de la Consejer\u00eda Jur\u00eddica del Gobierno del Estado, Zaid Ismael Monta\u00f1o Pe\u00f1a.<\/p>\n\n\n\n<p>Adem\u00e1s, el secretario del Ayuntamiento de Hermosillo, Eduardo Alejo Acu\u00f1a Padilla; en representaci\u00f3n del Supremo Tribunal de Justicia, Eduardo S\u00e1nchez Moreno, y el presidente de la Barra Sonorense de Abogados, Jos\u00e9 Manuel \u00c1vila Valenzuela, entre otros.<\/p>\n","protected":false},"excerpt":{"rendered":"<p>Hermosillo, Sonora, 2 de octubre de 2025.- Con una amplia participaci\u00f3n de acad\u00e9micos, investigadores, estudiantes, integrantes de la sociedad civil y profesionales de las ciencias jur\u00eddicas del estado, de M\u00e9xico y varios pa\u00edses, inici\u00f3 en la Universidad de Sonora el II Congreso Internacional de Derecho. El evento, que busca promover el an\u00e1lisis, la reflexi\u00f3n y [&hellip;]<\/p>\n","protected":false},"author":2,"featured_media":23201,"comment_status":"open","ping_status":"open","sticky":false,"template":"","format":"standard","meta":{"footnotes":""},"categories":[36],"tags":[],"class_list":["post-23200","post","type-post","status-publish","format-standard","has-post-thumbnail","hentry","category-educacion"],"_links":{"self":[{"href":"https:\/\/elreporterodelacomunidad.com\/index.php\/wp-json\/wp\/v2\/posts\/23200","targetHints":{"allow":["GET"]}}],"collection":[{"href":"https:\/\/elreporterodelacomunidad.com\/index.php\/wp-json\/wp\/v2\/posts"}],"about":[{"href":"https:\/\/elreporterodelacomunidad.com\/index.php\/wp-json\/wp\/v2\/types\/post"}],"author":[{"embeddable":true,"href":"https:\/\/elreporterodelacomunidad.com\/index.php\/wp-json\/wp\/v2\/users\/2"}],"replies":[{"embeddable":true,"href":"https:\/\/elreporterodelacomunidad.com\/index.php\/wp-json\/wp\/v2\/comments?post=23200"}],"version-history":[{"count":1,"href":"https:\/\/elreporterodelacomunidad.com\/index.php\/wp-json\/wp\/v2\/posts\/23200\/revisions"}],"predecessor-version":[{"id":23203,"href":"https:\/\/elreporterodelacomunidad.com\/index.php\/wp-json\/wp\/v2\/posts\/23200\/revisions\/23203"}],"wp:featuredmedia":[{"embeddable":true,"href":"https:\/\/elreporterodelacomunidad.com\/index.php\/wp-json\/wp\/v2\/media\/23201"}],"wp:attachment":[{"href":"https:\/\/elreporterodelacomunidad.com\/index.php\/wp-json\/wp\/v2\/media?parent=23200"}],"wp:term":[{"taxonomy":"category","embeddable":true,"href":"https:\/\/elreporterodelacomunidad.com\/index.php\/wp-json\/wp\/v2\/categories?post=23200"},{"taxonomy":"post_tag","embeddable":true,"href":"https:\/\/elreporterodelacomunidad.com\/index.php\/wp-json\/wp\/v2\/tags?post=23200"}],"curies":[{"name":"wp","href":"https:\/\/api.w.org\/{rel}","templated":true}]}}