{"id":2320,"date":"2024-02-25T00:00:00","date_gmt":"2024-02-25T07:00:00","guid":{"rendered":"https:\/\/elreporterodelacomunidad.com\/index.php\/2024\/02\/25\/lopez-obrador-inaugura-obra-que-llevara-agua-50-comunidades-indigenas\/"},"modified":"2024-05-18T22:38:31","modified_gmt":"2024-05-19T05:38:31","slug":"lopez-obrador-inaugura-obra-que-llevara-agua-50-comunidades-indigenas","status":"publish","type":"post","link":"https:\/\/elreporterodelacomunidad.com\/index.php\/2024\/02\/25\/lopez-obrador-inaugura-obra-que-llevara-agua-50-comunidades-indigenas\/","title":{"rendered":"L\u00f3pez Obrador inaugura obra que llevar\u00e1 agua 50 comunidades ind\u00edgenas"},"content":{"rendered":"<p class=\"MsoNormal\">El presidente Andr\u00e9s Manuel L\u00f3pez Obrador inaugur\u00f3 este domingo el Acueducto Yaqui, una obra h\u00eddrica que resuelve el grave desabasto de agua en 50 comunidades rurales, pobladas por 40,000 ind\u00edgenas, que habitan al sur de Sonora, en el noroeste de M\u00e9xico.<\/p>\n<p class=\"MsoNormal\">El gobernador de Sonora, Alfonso Durazo Monta\u00f1o, reconoci\u00f3 que en pleno siglo XXI hab\u00eda cientos de familias ind\u00edgenas sin acceso al agua potable, a pesar que el exmandatario L\u00e1zaro C\u00e1rdenas (1934-1940) public\u00f3 en su Gobierno un decreto presidencial que dotaba de agua a las comunidades Yaquis, beneficio que jam\u00e1s se concret\u00f3.<\/p>\n<p class=\"MsoNormal\">El mandatario estatal detall\u00f3 que el Acueducto Yaqui tiene 166 kil\u00f3metros de longitud con 75 kil\u00f3metros de ramales para conectarse hacia las 50 comunidades que integran los Ocho Pueblos -Loma de Guam\u00fachil, Loma de B\u00e1cum, T\u00f3rim, Vicam, P\u00f3tam, R\u00e1hum, Huirivis y Belem- que conforman la naci\u00f3n ind\u00edgena, donde habitan 40,000 personas.<\/p>\n<p class=\"MsoNormal\">La obra trasvasa el agua de la cuenca del r\u00edo Yaqui, desde la cual se abastecen cuatro ciudades de Sonora, incluyendo a Hermosillo, capital del estado; Ciudad Obreg\u00f3n; Guaymas y Empalme, donde viven m\u00e1s de 1.5 millones de habitantes, mientras que los ind\u00edgenas que habitan en los Ocho Pueblos Yaquis padec\u00edan escasez.<\/p>\n<p class=\"MsoNormal\">La obra de toma bombea un caudal de 200 litros por segundo hacia 241 kil\u00f3metros de tuber\u00edas que van desde la Presa \u00c1lvaro Obreg\u00f3n a una planta potabilizadora y tanque de regulaci\u00f3n, tras lo que el agua bajar\u00e1 por gravedad hacia los pueblos ind\u00edgenas.<\/p>\n<p class=\"MsoNormal\">L\u00f3pez Obrador record\u00f3 que el Acueducto Yaqui forma parte de los compromisos del Plan de Justicia para los Pueblos Ind\u00edgenas que busca resarcir las demandas hist\u00f3ricas de la Naci\u00f3n Yaqui que incluyen educaci\u00f3n, salud, desarrollo social, econom\u00eda, abastecimiento del agua y el territorio.<\/p>\n<p class=\"MsoNormal\">\u201cNosotros calculamos que con este acueducto, la bomba, potabilizadoras y sus ramales, alcanza para abastecer a las comunidades ind\u00edgenas en los pr\u00f3ximos 30 a\u00f1os, a\u00fan con su crecimiento poblacional, por eso es una obra es importante, complementada con la recuperaci\u00f3n de la tierra que les fue arrebata en beneficio del pueblo Yaqui\u201d, asegur\u00f3.<\/p>\n<p class=\"MsoNormal\">Hasta la fecha, debido a que entre la Naci\u00f3n Yaqui hay zonas agr\u00edcolas y costeras, los habitantes de los Ocho Pueblos ind\u00edgenas eran abastecidos con pozos, muchos de los cuales est\u00e1n secos, abatidos o contaminados con salitre del mar o metales pesados de los insumos agr\u00edcolas utilizados en el Valle del Yaqui.<\/p>\n","protected":false},"excerpt":{"rendered":"<p>M\u00e1s de 40 mil ind\u00edgenas del sur de Sonora tendr\u00e1n acceso al agua potable con el Acueducto Yaqui, habitantes de 50 comunidades que han enfrentado a\u00f1os de escasez.<\/p>\n","protected":false},"author":1,"featured_media":2321,"comment_status":"open","ping_status":"open","sticky":false,"template":"","format":"standard","meta":{"footnotes":""},"categories":[39],"tags":[],"class_list":["post-2320","post","type-post","status-publish","format-standard","has-post-thumbnail","hentry","category-politica"],"_links":{"self":[{"href":"https:\/\/elreporterodelacomunidad.com\/index.php\/wp-json\/wp\/v2\/posts\/2320","targetHints":{"allow":["GET"]}}],"collection":[{"href":"https:\/\/elreporterodelacomunidad.com\/index.php\/wp-json\/wp\/v2\/posts"}],"about":[{"href":"https:\/\/elreporterodelacomunidad.com\/index.php\/wp-json\/wp\/v2\/types\/post"}],"author":[{"embeddable":true,"href":"https:\/\/elreporterodelacomunidad.com\/index.php\/wp-json\/wp\/v2\/users\/1"}],"replies":[{"embeddable":true,"href":"https:\/\/elreporterodelacomunidad.com\/index.php\/wp-json\/wp\/v2\/comments?post=2320"}],"version-history":[{"count":1,"href":"https:\/\/elreporterodelacomunidad.com\/index.php\/wp-json\/wp\/v2\/posts\/2320\/revisions"}],"predecessor-version":[{"id":2322,"href":"https:\/\/elreporterodelacomunidad.com\/index.php\/wp-json\/wp\/v2\/posts\/2320\/revisions\/2322"}],"wp:featuredmedia":[{"embeddable":true,"href":"https:\/\/elreporterodelacomunidad.com\/index.php\/wp-json\/wp\/v2\/media\/2321"}],"wp:attachment":[{"href":"https:\/\/elreporterodelacomunidad.com\/index.php\/wp-json\/wp\/v2\/media?parent=2320"}],"wp:term":[{"taxonomy":"category","embeddable":true,"href":"https:\/\/elreporterodelacomunidad.com\/index.php\/wp-json\/wp\/v2\/categories?post=2320"},{"taxonomy":"post_tag","embeddable":true,"href":"https:\/\/elreporterodelacomunidad.com\/index.php\/wp-json\/wp\/v2\/tags?post=2320"}],"curies":[{"name":"wp","href":"https:\/\/api.w.org\/{rel}","templated":true}]}}