{"id":23151,"date":"2025-10-01T19:21:07","date_gmt":"2025-10-02T02:21:07","guid":{"rendered":"https:\/\/elreporterodelacomunidad.com\/?p=23151"},"modified":"2025-10-01T19:21:13","modified_gmt":"2025-10-02T02:21:13","slug":"alumno-de-conalep-recibe-presea-nacional-al-valor-bernardo-quintana-arrioja-2025","status":"publish","type":"post","link":"https:\/\/elreporterodelacomunidad.com\/index.php\/2025\/10\/01\/alumno-de-conalep-recibe-presea-nacional-al-valor-bernardo-quintana-arrioja-2025\/","title":{"rendered":"Alumno de Conalep recibe Presea Nacional al Valor \u201cBernardo Quintana Arrioja 2025\u201d"},"content":{"rendered":"\n<p>Toluca, Estado de M\u00e9xico a 01 de octubre de 2025.- En reconocimiento a su resiliencia, liderazgo y compromiso social en beneficio de la juventud, Bruno Emilio D\u00edaz Olim\u00f3n, alumno del Colegio de Educaci\u00f3n Profesional T\u00e9cnica del Estado de Sonora (Conalep), plantel Guaymas, fue distinguido con la Presea Nacional al Valor \u201cBernardo Quintana Arrioja 2025\u201d.<\/p>\n\n\n\n<p>Durante la ceremonia realizada en el Auditorio Jos\u00e9 Antonio Padilla Segura, en las oficinas nacionales del Conalep en Toluca, Estado de M\u00e9xico, el joven sonorense recibi\u00f3 la distinci\u00f3n que otorgan la Fundaci\u00f3n de Apoyo a la Juventud (FAJ), I.A.P., y el Colegio Nacional de Educaci\u00f3n Profesional T\u00e9cnica (Conalep) a estudiantes de todo el pa\u00eds que destacan por promover valores como patriotismo, servicio, liderazgo, excelencia acad\u00e9mica y valor.<\/p>\n\n\n\n<p>Durante su emotivo e inspirador discurso, Bruno mencion\u00f3 estar emocionado y honrado por recibir la presea y estar agradecido con el personal docente, administrativo y su familia por el constante apoyo, adem\u00e1s de sentirse con una gran responsabilidad de seguir contribuyendo a la sociedad con su formaci\u00f3n profesional y humana. Al finalizar, reafirm\u00f3 su compromiso con la instituci\u00f3n y expres\u00f3 su orgullo por formar parte de ella.<\/p>\n\n\n\n<p>Bruno Emilio D\u00edaz Olim\u00f3n, estudiante de quinto semestre de Profesional T\u00e9cnico Bachiller en Administraci\u00f3n, ha demostrado un firme compromiso con su comunidad a trav\u00e9s de actividades que fomentan el respeto a la integridad humana, la defensa de los derechos humanos y la solidaridad entre j\u00f3venes. Entre sus principales logros destacan su participaci\u00f3n en la Red Nacional de Impulsores de la Transformaci\u00f3n y en el Consejo Municipal de Integraci\u00f3n en Guaymas.<\/p>\n\n\n\n<p>Asimismo, ha sido reconocido en la Consulta Nacional a Ni\u00f1as, Ni\u00f1os y Adolescentes \u201c\u00bfMe escuchas?\u201d y ha participado activamente en foros culturales, period\u00edsticos y art\u00edsticos.<\/p>\n\n\n\n<p>Entre estas actividades se incluyen su integraci\u00f3n a la Orquesta Filarm\u00f3nica Juvenil de Fray Ivo Toneck, concursos de canto, talleres de literatura y escultura, as\u00ed como proyectos de difusi\u00f3n period\u00edstica en radio. Adem\u00e1s, fue distinguido con el Premio Estatal de la Juventud 2023, consolidando su trayectoria como un joven comprometido con la cultura, la educaci\u00f3n y la participaci\u00f3n ciudadana.<\/p>\n\n\n\n<p class=\"has-text-align-center\"><img loading=\"lazy\" decoding=\"async\" width=\"500\" height=\"333\" class=\"wp-image-23153\" style=\"width: 500px;\" src=\"https:\/\/elreporterodelacomunidad.com\/wp-content\/uploads\/2025\/10\/4.jpg\" alt=\"\" srcset=\"https:\/\/elreporterodelacomunidad.com\/wp-content\/uploads\/2025\/10\/4.jpg 1600w, https:\/\/elreporterodelacomunidad.com\/wp-content\/uploads\/2025\/10\/4-300x200.jpg 300w, https:\/\/elreporterodelacomunidad.com\/wp-content\/uploads\/2025\/10\/4-1024x682.jpg 1024w, https:\/\/elreporterodelacomunidad.com\/wp-content\/uploads\/2025\/10\/4-768x512.jpg 768w, https:\/\/elreporterodelacomunidad.com\/wp-content\/uploads\/2025\/10\/4-1536x1023.jpg 1536w, https:\/\/elreporterodelacomunidad.com\/wp-content\/uploads\/2025\/10\/4-750x500.jpg 750w, https:\/\/elreporterodelacomunidad.com\/wp-content\/uploads\/2025\/10\/4-1140x760.jpg 1140w\" sizes=\"auto, (max-width: 500px) 100vw, 500px\" \/><\/p>\n","protected":false},"excerpt":{"rendered":"<p>Toluca, Estado de M\u00e9xico a 01 de octubre de 2025.- En reconocimiento a su resiliencia, liderazgo y compromiso social en beneficio de la juventud, Bruno Emilio D\u00edaz Olim\u00f3n, alumno del Colegio de Educaci\u00f3n Profesional T\u00e9cnica del Estado de Sonora (Conalep), plantel Guaymas, fue distinguido con la Presea Nacional al Valor \u201cBernardo Quintana Arrioja 2025\u201d. Durante [&hellip;]<\/p>\n","protected":false},"author":2,"featured_media":23152,"comment_status":"open","ping_status":"open","sticky":false,"template":"","format":"standard","meta":{"footnotes":""},"categories":[36],"tags":[],"class_list":["post-23151","post","type-post","status-publish","format-standard","has-post-thumbnail","hentry","category-educacion"],"_links":{"self":[{"href":"https:\/\/elreporterodelacomunidad.com\/index.php\/wp-json\/wp\/v2\/posts\/23151","targetHints":{"allow":["GET"]}}],"collection":[{"href":"https:\/\/elreporterodelacomunidad.com\/index.php\/wp-json\/wp\/v2\/posts"}],"about":[{"href":"https:\/\/elreporterodelacomunidad.com\/index.php\/wp-json\/wp\/v2\/types\/post"}],"author":[{"embeddable":true,"href":"https:\/\/elreporterodelacomunidad.com\/index.php\/wp-json\/wp\/v2\/users\/2"}],"replies":[{"embeddable":true,"href":"https:\/\/elreporterodelacomunidad.com\/index.php\/wp-json\/wp\/v2\/comments?post=23151"}],"version-history":[{"count":1,"href":"https:\/\/elreporterodelacomunidad.com\/index.php\/wp-json\/wp\/v2\/posts\/23151\/revisions"}],"predecessor-version":[{"id":23154,"href":"https:\/\/elreporterodelacomunidad.com\/index.php\/wp-json\/wp\/v2\/posts\/23151\/revisions\/23154"}],"wp:featuredmedia":[{"embeddable":true,"href":"https:\/\/elreporterodelacomunidad.com\/index.php\/wp-json\/wp\/v2\/media\/23152"}],"wp:attachment":[{"href":"https:\/\/elreporterodelacomunidad.com\/index.php\/wp-json\/wp\/v2\/media?parent=23151"}],"wp:term":[{"taxonomy":"category","embeddable":true,"href":"https:\/\/elreporterodelacomunidad.com\/index.php\/wp-json\/wp\/v2\/categories?post=23151"},{"taxonomy":"post_tag","embeddable":true,"href":"https:\/\/elreporterodelacomunidad.com\/index.php\/wp-json\/wp\/v2\/tags?post=23151"}],"curies":[{"name":"wp","href":"https:\/\/api.w.org\/{rel}","templated":true}]}}