{"id":231,"date":"2024-05-13T00:00:00","date_gmt":"2024-05-13T07:00:00","guid":{"rendered":"https:\/\/elreporterodelacomunidad.com\/index.php\/2024\/05\/13\/localizan-sin-vida-a-hombre-al-norte-de-hermosillo-fiscalia-investiga-el-caso\/"},"modified":"2024-05-18T21:52:37","modified_gmt":"2024-05-19T04:52:37","slug":"localizan-sin-vida-a-hombre-al-norte-de-hermosillo-fiscalia-investiga-el-caso","status":"publish","type":"post","link":"https:\/\/elreporterodelacomunidad.com\/index.php\/2024\/05\/13\/localizan-sin-vida-a-hombre-al-norte-de-hermosillo-fiscalia-investiga-el-caso\/","title":{"rendered":"Localizan sin vida a hombre al norte de Hermosillo, Fiscal\u00eda investiga el caso"},"content":{"rendered":"<p class=\"MsoNormal\">En las inmediaciones de las carretera que lleva a la Mina Nyco, en el norte de Hermosillo, el domingo fue encontrado sin vida el cuerpo de un hombre, lo que provoc\u00f3 una intensa movilizaci\u00f3n polic\u00edaca.<\/p>\n<p class=\"MsoNormal\">\n<p class=\"MsoNormal\">Fue durante la ma\u00f1ana de este 12 de mayo cuando trascendi\u00f3 el hallazgo del individuo en el kil\u00f3metro 4 de la r\u00faa antes mencionada, donde tambi\u00e9n se localiz\u00f3 un veh\u00edculo en un terreno enmontado, casi a 300 metros al sur del camino.<\/p>\n<p class=\"MsoNormal\">Dicho viaje, seg\u00fan lo que cont\u00f3 a familiares, ten\u00eda como finalidad la de llevar a un pasaje que lleg\u00f3 a esta capital por el Aeropuerto Internacional de Hermosillo, siendo localizado casi dos d\u00edas despu\u00e9s sin vida y con una herida en la cabeza, por lo que se presume un homicidio.<\/p>\n<p class=\"MsoNormal\">Extraoficialmente, la persona fue identificada como Luis Ernesto, de 58 a\u00f1os, conocido por desempe\u00f1arse como taxista en el Aeropuerto Internacional de Hermosillo, cuyo cuerpo mostraba evidentes signos de violencia.<\/p>\n<p class=\"MsoNormal\">Los restos de la v\u00edctima fueron localizados al interior de una camioneta de la marca Toyota, color blanco, la cual presuntamente presentaba diferentes impactos de proyectiles de arma de fuego, por lo que plantea la posibilidad de un ataque armado en contra del taxista.<\/p>\n<p class=\"MsoNormal\">De acuerdo con familiares del afectado, fue visto por \u00faltima ocasi\u00f3n durante el pasado viernes 10 de mayo, luego de anunciar que tomar\u00eda un viaje hacia Nogales, sin embargo, a partir de su salida no tuvieron m\u00e1s contacto con \u00e9l.<\/p>\n<p class=\"MsoNormal\">Dicho viaje, seg\u00fan lo que cont\u00f3 a familiares, ten\u00eda como finalidad la de llevar a un pasaje que lleg\u00f3 a esta capital por el Aeropuerto Internacional de Hermosillo, siendo localizado casi dos d\u00edas despu\u00e9s sin vida y con una herida en la cabeza, por lo que se presume un homicidio.<\/p>\n<p class=\"MsoNormal\">Personal de Servicios Periciales de la Fiscal\u00eda General de Justicia del Estado (FGJE) de Sonora acudi\u00f3 al lugar de los hechos para procesar la escena, mientras que el Servicio M\u00e9dico Forense (Semefo) arrib\u00f3 para el levantamiento del cuerpo e iniciar con las investigaciones correspondientes.<\/p>\n<p class=\"MsoNormal\">Hasta el momento no se ha brindado m\u00e1s informaci\u00f3n o esclarecido el caso por parte de las autoridades debido a que se mantienen las averiguaciones al respecto.<\/p>\n","protected":false},"excerpt":{"rendered":"<p>El hallazgo ocurri\u00f3 en el kil\u00f3metro cuatro donde tambi\u00e9n se encontr\u00f3 un veh\u00edculo.<\/p>\n","protected":false},"author":1,"featured_media":584,"comment_status":"open","ping_status":"open","sticky":false,"template":"","format":"standard","meta":{"footnotes":""},"categories":[32],"tags":[],"class_list":["post-231","post","type-post","status-publish","format-standard","has-post-thumbnail","hentry","category-policiaca"],"_links":{"self":[{"href":"https:\/\/elreporterodelacomunidad.com\/index.php\/wp-json\/wp\/v2\/posts\/231","targetHints":{"allow":["GET"]}}],"collection":[{"href":"https:\/\/elreporterodelacomunidad.com\/index.php\/wp-json\/wp\/v2\/posts"}],"about":[{"href":"https:\/\/elreporterodelacomunidad.com\/index.php\/wp-json\/wp\/v2\/types\/post"}],"author":[{"embeddable":true,"href":"https:\/\/elreporterodelacomunidad.com\/index.php\/wp-json\/wp\/v2\/users\/1"}],"replies":[{"embeddable":true,"href":"https:\/\/elreporterodelacomunidad.com\/index.php\/wp-json\/wp\/v2\/comments?post=231"}],"version-history":[{"count":1,"href":"https:\/\/elreporterodelacomunidad.com\/index.php\/wp-json\/wp\/v2\/posts\/231\/revisions"}],"predecessor-version":[{"id":583,"href":"https:\/\/elreporterodelacomunidad.com\/index.php\/wp-json\/wp\/v2\/posts\/231\/revisions\/583"}],"wp:featuredmedia":[{"embeddable":true,"href":"https:\/\/elreporterodelacomunidad.com\/index.php\/wp-json\/wp\/v2\/media\/584"}],"wp:attachment":[{"href":"https:\/\/elreporterodelacomunidad.com\/index.php\/wp-json\/wp\/v2\/media?parent=231"}],"wp:term":[{"taxonomy":"category","embeddable":true,"href":"https:\/\/elreporterodelacomunidad.com\/index.php\/wp-json\/wp\/v2\/categories?post=231"},{"taxonomy":"post_tag","embeddable":true,"href":"https:\/\/elreporterodelacomunidad.com\/index.php\/wp-json\/wp\/v2\/tags?post=231"}],"curies":[{"name":"wp","href":"https:\/\/api.w.org\/{rel}","templated":true}]}}