{"id":23017,"date":"2025-09-25T12:57:54","date_gmt":"2025-09-25T19:57:54","guid":{"rendered":"https:\/\/elreporterodelacomunidad.com\/?p=23017"},"modified":"2025-09-25T12:58:09","modified_gmt":"2025-09-25T19:58:09","slug":"frente-frio-le-saca-la-vuelta-a-sonora-pero-si-habra-disminucion-de-temperatura-unison","status":"publish","type":"post","link":"https:\/\/elreporterodelacomunidad.com\/index.php\/2025\/09\/25\/frente-frio-le-saca-la-vuelta-a-sonora-pero-si-habra-disminucion-de-temperatura-unison\/","title":{"rendered":"Frente fr\u00edo le saca la vuelta a Sonora, pero s\u00ed habr\u00e1 disminuci\u00f3n de temperatura: Unison."},"content":{"rendered":"\n<p>Hermosillo, Sonora a 25 de septiembre de 2025.- Aunque se esperaba la llegada del primer frente fr\u00edo a Sonora, este no cruzar\u00e1 el estado. Sin embargo, en combinaci\u00f3n con otros sistemas, s\u00ed provocar\u00e1 un descenso de temperaturas y la posibilidad de lluvias a partir de la tarde de este jueves 25 de septiembre.<\/p>\n\n\n\n<p>Carlos Manuel Minjarez Sosa, responsable del Pron\u00f3stico Meteorol\u00f3gico de la Universidad de Sonora (Prometeus), explic\u00f3 que en esta \u00e9poca es poco com\u00fan que los frentes fr\u00edos afecten directamente a Sonora, pues suelen desviarse hacia el este.<\/p>\n\n\n\n<p>En este caso, dijo, el frente fr\u00edo pasar\u00e1 por el norte de Texas y no tendr\u00e1 impacto directo en la entidad, pero s\u00ed influir\u00e1 de forma indirecta.<\/p>\n\n\n\n<p>Detall\u00f3 que la interacci\u00f3n del frente con una corriente en chorro y un sistema de baja presi\u00f3n en niveles medios de la atm\u00f3sfera generar\u00e1 nublados y la posibilidad de lluvias en la regi\u00f3n.<\/p>\n\n\n\n<p>Estos efectos, agreg\u00f3, comenzar\u00e1n a sentirse durante la tarde de este jueves, aunque por la ma\u00f1ana las temperaturas podr\u00edan superar los 40 grados cent\u00edgrados.<\/p>\n\n\n\n<p>Para el fin de semana, se esperan condiciones que en meteorolog\u00eda se catalogan como \u201cmal tiempo\u201d, pero que para los sonorenses representan un respiro: temperaturas m\u00ednimas de entre 21 y 22 grados cent\u00edgrados y m\u00e1ximas de 30 a 36 grados, as\u00ed como cielo nublado y potencial de tormentas, inform\u00f3 el investigador del Departamento de F\u00edsica.<\/p>\n\n\n\n<p>En cuanto a los siguientes d\u00edas, el especialista pronostic\u00f3 para ma\u00f1ana viernes nublados y lluvias dispersas en Hermosillo y otras zonas del estado.<\/p>\n\n\n\n<p>Minjarez Sosa record\u00f3 que el Servicio Meteorol\u00f3gico Nacional prev\u00e9 cinco frentes fr\u00edos para septiembre y otros cinco para octubre en todo el pa\u00eds, pero subray\u00f3 que en Sonora a\u00fan es necesario mantener precauciones ante el calor.<\/p>\n\n\n\n<p>Recomend\u00f3 a la poblaci\u00f3n mantenerse hidratada, evitar la exposici\u00f3n prolongada al sol y aprovechar estos descensos de temperatura para realizar actividades al aire libre de forma segura.<\/p>\n","protected":false},"excerpt":{"rendered":"<p>Hermosillo, Sonora a 25 de septiembre de 2025.- Aunque se esperaba la llegada del primer frente fr\u00edo a Sonora, este no cruzar\u00e1 el estado. Sin embargo, en combinaci\u00f3n con otros sistemas, s\u00ed provocar\u00e1 un descenso de temperaturas y la posibilidad de lluvias a partir de la tarde de este jueves 25 de septiembre. Carlos Manuel [&hellip;]<\/p>\n","protected":false},"author":5,"featured_media":23018,"comment_status":"open","ping_status":"open","sticky":false,"template":"","format":"standard","meta":{"footnotes":""},"categories":[40],"tags":[],"class_list":["post-23017","post","type-post","status-publish","format-standard","has-post-thumbnail","hentry","category-cienciaytecnologia"],"_links":{"self":[{"href":"https:\/\/elreporterodelacomunidad.com\/index.php\/wp-json\/wp\/v2\/posts\/23017","targetHints":{"allow":["GET"]}}],"collection":[{"href":"https:\/\/elreporterodelacomunidad.com\/index.php\/wp-json\/wp\/v2\/posts"}],"about":[{"href":"https:\/\/elreporterodelacomunidad.com\/index.php\/wp-json\/wp\/v2\/types\/post"}],"author":[{"embeddable":true,"href":"https:\/\/elreporterodelacomunidad.com\/index.php\/wp-json\/wp\/v2\/users\/5"}],"replies":[{"embeddable":true,"href":"https:\/\/elreporterodelacomunidad.com\/index.php\/wp-json\/wp\/v2\/comments?post=23017"}],"version-history":[{"count":1,"href":"https:\/\/elreporterodelacomunidad.com\/index.php\/wp-json\/wp\/v2\/posts\/23017\/revisions"}],"predecessor-version":[{"id":23019,"href":"https:\/\/elreporterodelacomunidad.com\/index.php\/wp-json\/wp\/v2\/posts\/23017\/revisions\/23019"}],"wp:featuredmedia":[{"embeddable":true,"href":"https:\/\/elreporterodelacomunidad.com\/index.php\/wp-json\/wp\/v2\/media\/23018"}],"wp:attachment":[{"href":"https:\/\/elreporterodelacomunidad.com\/index.php\/wp-json\/wp\/v2\/media?parent=23017"}],"wp:term":[{"taxonomy":"category","embeddable":true,"href":"https:\/\/elreporterodelacomunidad.com\/index.php\/wp-json\/wp\/v2\/categories?post=23017"},{"taxonomy":"post_tag","embeddable":true,"href":"https:\/\/elreporterodelacomunidad.com\/index.php\/wp-json\/wp\/v2\/tags?post=23017"}],"curies":[{"name":"wp","href":"https:\/\/api.w.org\/{rel}","templated":true}]}}