{"id":23014,"date":"2025-09-25T12:55:31","date_gmt":"2025-09-25T19:55:31","guid":{"rendered":"https:\/\/elreporterodelacomunidad.com\/?p=23014"},"modified":"2025-09-25T12:55:42","modified_gmt":"2025-09-25T19:55:42","slug":"judokas-de-la-ues-ganan-medallas-de-oro-y-plata-en-torneo-internacional-en-arizona","status":"publish","type":"post","link":"https:\/\/elreporterodelacomunidad.com\/index.php\/2025\/09\/25\/judokas-de-la-ues-ganan-medallas-de-oro-y-plata-en-torneo-internacional-en-arizona\/","title":{"rendered":"Judokas de la UES ganan medallas de oro y plata en torneo internacional en Arizona"},"content":{"rendered":"\n<p>Hermosillo, Sonora a 25 de septiembre de 2025.\u2013 Estudiantes de la Universidad Estatal de Sonora (UES), Unidad Hermosillo, obtuvieron destacadas preseas en el Campeonato Abierto de Judo, realizado el pasado 20 de septiembre en Mesa, Arizona, consolidando su talento deportivo en el \u00e1mbito internacional.<\/p>\n\n\n\n<p>La rectora de la UES, Martha Patricia Pati\u00f1o Fierro, felicit\u00f3 a las y los judokas por su esfuerzo y compromiso, subrayando que sus triunfos son tambi\u00e9n reflejo de la pol\u00edtica de impulso al deporte que encabeza el gobernador Alfonso Durazo Monta\u00f1o.<\/p>\n\n\n\n<p>En las categor\u00edas varoniles, la delegaci\u00f3n sum\u00f3 cuatro medallas de oro con Leonel Tadeo Pe\u00f1a Cadena, de Fisioterapia (73 kg); Christopher Adriano Cota, de Criminolog\u00eda (100 kg); Jes\u00fas Eli\u00e1n L\u00f3pez Gonz\u00e1lez, de Contadur\u00eda (81 kg); y Julio Alfonso Rodr\u00edguez P\u00e9rez, de Criminolog\u00eda (90 kg).<\/p>\n\n\n\n<p>Asimismo, se lograron dos preseas de plata con \u00c1ngel Cheyenne Jim\u00e9nez Miranda, de Contadur\u00eda (78 kg), y Braulio Manuel Americano Guti\u00e9rrez, de Mecatr\u00f3nica (100 kg).<\/p>\n\n\n\n<p>La rectora extendi\u00f3 un reconocimiento especial al maestro Pablo Cardozo, instructor de judo, por su compromiso y gu\u00eda en el desarrollo deportivo de las y los estudiantes.<\/p>\n\n\n\n<p>Estos logros en tierras estadounidenses reafirman el compromiso del Gobierno de Sonora, a trav\u00e9s de la UES, de fomentar el deporte de alto rendimiento como parte integral de la formaci\u00f3n profesional y personal de la comunidad universitaria.<\/p>\n","protected":false},"excerpt":{"rendered":"<p>Hermosillo, Sonora a 25 de septiembre de 2025.\u2013 Estudiantes de la Universidad Estatal de Sonora (UES), Unidad Hermosillo, obtuvieron destacadas preseas en el Campeonato Abierto de Judo, realizado el pasado 20 de septiembre en Mesa, Arizona, consolidando su talento deportivo en el \u00e1mbito internacional. La rectora de la UES, Martha Patricia Pati\u00f1o Fierro, felicit\u00f3 a [&hellip;]<\/p>\n","protected":false},"author":5,"featured_media":23015,"comment_status":"open","ping_status":"open","sticky":false,"template":"","format":"standard","meta":{"footnotes":""},"categories":[33],"tags":[],"class_list":["post-23014","post","type-post","status-publish","format-standard","has-post-thumbnail","hentry","category-deportes"],"_links":{"self":[{"href":"https:\/\/elreporterodelacomunidad.com\/index.php\/wp-json\/wp\/v2\/posts\/23014","targetHints":{"allow":["GET"]}}],"collection":[{"href":"https:\/\/elreporterodelacomunidad.com\/index.php\/wp-json\/wp\/v2\/posts"}],"about":[{"href":"https:\/\/elreporterodelacomunidad.com\/index.php\/wp-json\/wp\/v2\/types\/post"}],"author":[{"embeddable":true,"href":"https:\/\/elreporterodelacomunidad.com\/index.php\/wp-json\/wp\/v2\/users\/5"}],"replies":[{"embeddable":true,"href":"https:\/\/elreporterodelacomunidad.com\/index.php\/wp-json\/wp\/v2\/comments?post=23014"}],"version-history":[{"count":1,"href":"https:\/\/elreporterodelacomunidad.com\/index.php\/wp-json\/wp\/v2\/posts\/23014\/revisions"}],"predecessor-version":[{"id":23016,"href":"https:\/\/elreporterodelacomunidad.com\/index.php\/wp-json\/wp\/v2\/posts\/23014\/revisions\/23016"}],"wp:featuredmedia":[{"embeddable":true,"href":"https:\/\/elreporterodelacomunidad.com\/index.php\/wp-json\/wp\/v2\/media\/23015"}],"wp:attachment":[{"href":"https:\/\/elreporterodelacomunidad.com\/index.php\/wp-json\/wp\/v2\/media?parent=23014"}],"wp:term":[{"taxonomy":"category","embeddable":true,"href":"https:\/\/elreporterodelacomunidad.com\/index.php\/wp-json\/wp\/v2\/categories?post=23014"},{"taxonomy":"post_tag","embeddable":true,"href":"https:\/\/elreporterodelacomunidad.com\/index.php\/wp-json\/wp\/v2\/tags?post=23014"}],"curies":[{"name":"wp","href":"https:\/\/api.w.org\/{rel}","templated":true}]}}