{"id":2299,"date":"2024-02-26T00:00:00","date_gmt":"2024-02-26T07:00:00","guid":{"rendered":"https:\/\/elreporterodelacomunidad.com\/index.php\/2024\/02\/26\/asume-el-cargo-nueva-directora-general-de-atencion-a-la-mujer-del-ayuntamiento-de-hermosillo\/"},"modified":"2024-02-26T00:00:00","modified_gmt":"2024-02-26T07:00:00","slug":"asume-el-cargo-nueva-directora-general-de-atencion-a-la-mujer-del-ayuntamiento-de-hermosillo","status":"publish","type":"post","link":"https:\/\/elreporterodelacomunidad.com\/index.php\/2024\/02\/26\/asume-el-cargo-nueva-directora-general-de-atencion-a-la-mujer-del-ayuntamiento-de-hermosillo\/","title":{"rendered":"Asume el cargo nueva Directora General de Atenci\u00f3n a la Mujer del Ayuntamiento de Hermosillo"},"content":{"rendered":"<div>El Presidente Municipal Antonio Astiazar\u00e1n Guti\u00e9rrez tom\u00f3 protesta formal y dio la bienvenida a Ang\u00e9lica Mar\u00eda Pay\u00e1n Garc\u00eda, quien asumi\u00f3 la titularidad de la Direcci\u00f3n General de Atenci\u00f3n a la Mujer del Ayuntamiento de Hermosillo, en relevo de Marisela Espriella Salas.&nbsp;&nbsp;<\/div>\n<div><\/div>\n<div>La hoy funcionaria municipal se declar\u00f3 lista para incorporarse a las tareas propias del cargo, y consider\u00f3 entre los retos m\u00e1s pr\u00f3ximos el abordar la organizaci\u00f3n de las actividades para la conmemoraci\u00f3n del D\u00eda Internacional de la Mujer el 8 de marzo.<\/div>\n<div><\/div>\n<div>Confirm\u00f3 su inter\u00e9s de presentarse de inmediato con todas las personas que laboran en la dependencia, con la certeza de que conforman un excelente equipo de trabajo.<\/div>\n<div><\/div>\n<div>Pay\u00e1n Garc\u00eda es licenciada en Psicolog\u00eda y cuenta con una maestr\u00eda en Administraci\u00f3n P\u00fablica. Su carrera profesional incluye haber sido directora del Instituto de Formaci\u00f3n Docente del Estado de Sonora del 2010 al 2013; directora del Instituto Sonorense de la Mujer del 2013 al 2015 y diputada local en la LVII legislatura de Sonora, entre otras responsabilidades.<\/div>\n","protected":false},"excerpt":{"rendered":"<p>Formaliz\u00f3 su incorporaci\u00f3n&nbsp; al tomar protesta ante el Presidente Municipal<\/p>\n","protected":false},"author":1,"featured_media":2300,"comment_status":"open","ping_status":"open","sticky":false,"template":"","format":"standard","meta":{"footnotes":""},"categories":[39],"tags":[],"class_list":["post-2299","post","type-post","status-publish","format-standard","has-post-thumbnail","hentry","category-politica"],"_links":{"self":[{"href":"https:\/\/elreporterodelacomunidad.com\/index.php\/wp-json\/wp\/v2\/posts\/2299","targetHints":{"allow":["GET"]}}],"collection":[{"href":"https:\/\/elreporterodelacomunidad.com\/index.php\/wp-json\/wp\/v2\/posts"}],"about":[{"href":"https:\/\/elreporterodelacomunidad.com\/index.php\/wp-json\/wp\/v2\/types\/post"}],"author":[{"embeddable":true,"href":"https:\/\/elreporterodelacomunidad.com\/index.php\/wp-json\/wp\/v2\/users\/1"}],"replies":[{"embeddable":true,"href":"https:\/\/elreporterodelacomunidad.com\/index.php\/wp-json\/wp\/v2\/comments?post=2299"}],"version-history":[{"count":0,"href":"https:\/\/elreporterodelacomunidad.com\/index.php\/wp-json\/wp\/v2\/posts\/2299\/revisions"}],"wp:featuredmedia":[{"embeddable":true,"href":"https:\/\/elreporterodelacomunidad.com\/index.php\/wp-json\/wp\/v2\/media\/2300"}],"wp:attachment":[{"href":"https:\/\/elreporterodelacomunidad.com\/index.php\/wp-json\/wp\/v2\/media?parent=2299"}],"wp:term":[{"taxonomy":"category","embeddable":true,"href":"https:\/\/elreporterodelacomunidad.com\/index.php\/wp-json\/wp\/v2\/categories?post=2299"},{"taxonomy":"post_tag","embeddable":true,"href":"https:\/\/elreporterodelacomunidad.com\/index.php\/wp-json\/wp\/v2\/tags?post=2299"}],"curies":[{"name":"wp","href":"https:\/\/api.w.org\/{rel}","templated":true}]}}