{"id":22868,"date":"2025-09-19T13:11:24","date_gmt":"2025-09-19T20:11:24","guid":{"rendered":"https:\/\/elreporterodelacomunidad.com\/?p=22868"},"modified":"2025-09-19T13:11:30","modified_gmt":"2025-09-19T20:11:30","slug":"estudiantes-de-primaria-y-secundaria-representan-a-sonora-en-olimpiada-mexicana-de-matematicas-sec","status":"publish","type":"post","link":"https:\/\/elreporterodelacomunidad.com\/index.php\/2025\/09\/19\/estudiantes-de-primaria-y-secundaria-representan-a-sonora-en-olimpiada-mexicana-de-matematicas-sec\/","title":{"rendered":"Estudiantes de primaria y secundaria representan a Sonora en Olimpiada Mexicana de Matem\u00e1ticas: SEC"},"content":{"rendered":"\n<p><strong>Hermosillo, Sonora a 19 de septiembre de 2025<\/strong>.- Tras destacar en las diferentes etapas eliminatorias del B\u00faho Matem\u00e1tico 2025, competencia organizada por la Universidad de Sonora y la Secretar\u00eda de Educaci\u00f3n y Cultura (SEC), nueve estudiantes de primaria y secundaria representan a la entidad en la novena Olimpiada Mexicana de Matem\u00e1ticas para Educaci\u00f3n B\u00e1sica (OMMEB).<\/p>\n\n\n\n<p>El evento nacional, que se lleva a cabo en Oaxtepec, Morelos, re\u00fane a alumnos de cuarto grado de primaria a tercero de secundaria de todo el pa\u00eds, quienes competir\u00e1n por un espacio para formar parte de la preselecci\u00f3n mexicana que buscar\u00e1 representar a M\u00e9xico en la Olimpiada Internacional de 2026 en Mongolia.<\/p>\n\n\n\n<p>Froyl\u00e1n G\u00e1mez Gamboa, titular de la SEC, destac\u00f3 el empe\u00f1o y dedicaci\u00f3n de los representantes de Sonora, quienes recibieron una preparaci\u00f3n exhaustiva por parte de acad\u00e9micos del Departamento de Matem\u00e1ticas de la Unison.<\/p>\n\n\n\n<p>La novena Olimpiada Mexicana de Matem\u00e1ticas para Educaci\u00f3n B\u00e1sica se lleva a cabo del 18 al 21 de septiembre, con el prop\u00f3sito de fomentar el pensamiento l\u00f3gico-matem\u00e1tico en las nuevas generaciones.<\/p>\n\n\n\n<p>Cada uno de los nueve integrantes de la Delegaci\u00f3n Sonora 2025 recibi\u00f3 del Gobierno de Sonora una laptop como premio a su desempe\u00f1o y su respectiva constancia que los acredita como ganadores de la etapa estatal, as\u00ed como apoyo econ\u00f3mico para sus traslados a las reuniones de preparaci\u00f3n y participaci\u00f3n en el evento nacional.<\/p>\n\n\n\n<p class=\"has-text-align-center\"><img loading=\"lazy\" decoding=\"async\" width=\"500\" height=\"447\" class=\"wp-image-22870\" style=\"width: 500px;\" src=\"https:\/\/elreporterodelacomunidad.com\/wp-content\/uploads\/2025\/09\/Foto-19sep2025.jpg\" alt=\"\" srcset=\"https:\/\/elreporterodelacomunidad.com\/wp-content\/uploads\/2025\/09\/Foto-19sep2025.jpg 1290w, https:\/\/elreporterodelacomunidad.com\/wp-content\/uploads\/2025\/09\/Foto-19sep2025-300x268.jpg 300w, https:\/\/elreporterodelacomunidad.com\/wp-content\/uploads\/2025\/09\/Foto-19sep2025-1024x914.jpg 1024w, https:\/\/elreporterodelacomunidad.com\/wp-content\/uploads\/2025\/09\/Foto-19sep2025-768x686.jpg 768w, https:\/\/elreporterodelacomunidad.com\/wp-content\/uploads\/2025\/09\/Foto-19sep2025-750x670.jpg 750w, https:\/\/elreporterodelacomunidad.com\/wp-content\/uploads\/2025\/09\/Foto-19sep2025-1140x1018.jpg 1140w\" sizes=\"auto, (max-width: 500px) 100vw, 500px\" \/><\/p>\n\n\n\n<p><strong>Delegaci\u00f3n Sonora:<\/strong><\/p>\n\n\n\n<p>\u00b7&nbsp;&nbsp;&nbsp;&nbsp;&nbsp;&nbsp;&nbsp;&nbsp;&nbsp;<strong>David Sebasti\u00e1n S\u00e1nchez Escobar<\/strong>, primaria \u201cLuis Donaldo Colosio Murrieta\u201d, Hermosillo.<\/p>\n\n\n\n<p>\u00b7&nbsp;&nbsp;&nbsp;&nbsp;&nbsp;&nbsp;&nbsp;&nbsp;&nbsp;<strong>Luis Oscar Auy\u00f3n Luna<\/strong>, Colegio Educarte, Hermosillo.<\/p>\n\n\n\n<p>\u00b7&nbsp;&nbsp;&nbsp;&nbsp;&nbsp;&nbsp;&nbsp;&nbsp;&nbsp;<strong>Francisco Manuel Valle Kirk<\/strong>, primaria \u201cMar\u00eda Candelaria Vanegas Trevor\u201d, Hermosillo.<\/p>\n\n\n\n<p>\u00b7&nbsp;&nbsp;&nbsp;&nbsp;&nbsp;&nbsp;&nbsp;&nbsp;&nbsp;<strong>Rene Aniello Corella Pi\u00f1a<\/strong>, Colegio Americano del Pac\u00edfico, Hermosillo.<\/p>\n\n\n\n<p>\u00b7&nbsp;&nbsp;&nbsp;&nbsp;&nbsp;&nbsp;&nbsp;&nbsp;&nbsp;<strong>Adri\u00e1n P\u00e9rez Granados<\/strong>, Irish International School, Hermosillo.<\/p>\n\n\n\n<p>\u00b7&nbsp;&nbsp;&nbsp;&nbsp;&nbsp;&nbsp;&nbsp;&nbsp;&nbsp;<strong>Santiago Romero Meneses<\/strong>, Colegio Americano Anais, Agua Prieta.<\/p>\n\n\n\n<p>\u00b7&nbsp;&nbsp;&nbsp;&nbsp;&nbsp;&nbsp;&nbsp;&nbsp;&nbsp;<strong>Sebasti\u00e1n Preciado Molina<\/strong>, Instituto Sonora, Cananea.<\/p>\n\n\n\n<p>\u00b7&nbsp;&nbsp;&nbsp;&nbsp;&nbsp;&nbsp;&nbsp;&nbsp;&nbsp;<strong>Daniel Francisco Gonz\u00e1lez Moreno<\/strong>, Colegio Regis A.C., Hermosillo.<\/p>\n\n\n\n<p>\u00b7&nbsp;&nbsp;&nbsp;&nbsp;&nbsp;&nbsp;&nbsp;&nbsp;&nbsp;<strong>Fabi\u00e1n Arturo Granados Ibarra<\/strong>, High Point International School by Tecnol\u00f3gico de Monterrey, Hermosillo.<\/p>\n","protected":false},"excerpt":{"rendered":"<p>Hermosillo, Sonora a 19 de septiembre de 2025.- Tras destacar en las diferentes etapas eliminatorias del B\u00faho Matem\u00e1tico 2025, competencia organizada por la Universidad de Sonora y la Secretar\u00eda de Educaci\u00f3n y Cultura (SEC), nueve estudiantes de primaria y secundaria representan a la entidad en la novena Olimpiada Mexicana de Matem\u00e1ticas para Educaci\u00f3n B\u00e1sica (OMMEB). [&hellip;]<\/p>\n","protected":false},"author":5,"featured_media":22869,"comment_status":"open","ping_status":"open","sticky":false,"template":"","format":"standard","meta":{"footnotes":""},"categories":[40],"tags":[],"class_list":["post-22868","post","type-post","status-publish","format-standard","has-post-thumbnail","hentry","category-cienciaytecnologia"],"_links":{"self":[{"href":"https:\/\/elreporterodelacomunidad.com\/index.php\/wp-json\/wp\/v2\/posts\/22868","targetHints":{"allow":["GET"]}}],"collection":[{"href":"https:\/\/elreporterodelacomunidad.com\/index.php\/wp-json\/wp\/v2\/posts"}],"about":[{"href":"https:\/\/elreporterodelacomunidad.com\/index.php\/wp-json\/wp\/v2\/types\/post"}],"author":[{"embeddable":true,"href":"https:\/\/elreporterodelacomunidad.com\/index.php\/wp-json\/wp\/v2\/users\/5"}],"replies":[{"embeddable":true,"href":"https:\/\/elreporterodelacomunidad.com\/index.php\/wp-json\/wp\/v2\/comments?post=22868"}],"version-history":[{"count":1,"href":"https:\/\/elreporterodelacomunidad.com\/index.php\/wp-json\/wp\/v2\/posts\/22868\/revisions"}],"predecessor-version":[{"id":22871,"href":"https:\/\/elreporterodelacomunidad.com\/index.php\/wp-json\/wp\/v2\/posts\/22868\/revisions\/22871"}],"wp:featuredmedia":[{"embeddable":true,"href":"https:\/\/elreporterodelacomunidad.com\/index.php\/wp-json\/wp\/v2\/media\/22869"}],"wp:attachment":[{"href":"https:\/\/elreporterodelacomunidad.com\/index.php\/wp-json\/wp\/v2\/media?parent=22868"}],"wp:term":[{"taxonomy":"category","embeddable":true,"href":"https:\/\/elreporterodelacomunidad.com\/index.php\/wp-json\/wp\/v2\/categories?post=22868"},{"taxonomy":"post_tag","embeddable":true,"href":"https:\/\/elreporterodelacomunidad.com\/index.php\/wp-json\/wp\/v2\/tags?post=22868"}],"curies":[{"name":"wp","href":"https:\/\/api.w.org\/{rel}","templated":true}]}}