{"id":22864,"date":"2025-09-19T13:09:04","date_gmt":"2025-09-19T20:09:04","guid":{"rendered":"https:\/\/elreporterodelacomunidad.com\/?p=22864"},"modified":"2025-09-19T13:09:09","modified_gmt":"2025-09-19T20:09:09","slug":"alumnos-de-cecyte-sonora-se-coronan-campeones-en-torneo-nacional-de-futbol","status":"publish","type":"post","link":"https:\/\/elreporterodelacomunidad.com\/index.php\/2025\/09\/19\/alumnos-de-cecyte-sonora-se-coronan-campeones-en-torneo-nacional-de-futbol\/","title":{"rendered":"Alumnos de Cecyte Sonora se coronan campeones en Torneo Nacional de F\u00fatbol"},"content":{"rendered":"\n<p><strong>Hermosillo, Sonora a 19 de septiembre de 2025<\/strong>.- Estudiantes del Colegio de Estudios Cient\u00edficos y Tecnol\u00f3gicos del Estado de Sonora (Cecyte Sonora), plantel Plutarco El\u00edas Calles, se coronaron campeones durante el segundo Torneo Bravos Internacional de Ciudad Ju\u00e1rez, celebrado en Chihuahua, junto al equipo de f\u00fatbol de la Academia Bravos de Caborca en la categor\u00eda 2010.<\/p>\n\n\n\n<p>Este triunfo representa no solo un logro deportivo, sino tambi\u00e9n un ejemplo del compromiso integral de Cecyte Sonora en la formaci\u00f3n de j\u00f3venes con disciplina, valores y metas claras, combinando el estudio con el deporte, siendo ejemplo de esfuerzo, constancia y trabajo en equipo; pilares fundamentales tanto en la cancha como en las aulas.<\/p>\n\n\n\n<p>La directora general de Cecyte Sonora, Blanca Aurelia Valenzuela, felicit\u00f3 a los deportistas por su gran logro, siendo ejemplo y orgullo para los estudiantes al destacar dentro y fuera de la escuela; al igual que a sus padres y maestros entrenadores.<\/p>\n\n\n\n<p>Los alumnos Helmer Abdiel Montes Aguilar, Pedro Antonio Dosal G\u00f3mez, Eliezer Humberto Armenta Mart\u00ednez y Yair Eduardo Santiago Caro no son nuevos en el \u00e1mbito deportivo, ya que cuentan con una trayectoria de m\u00e1s de cinco a\u00f1os participando en diversos torneos estatales y nacionales, representando con orgullo al municipio de Caborca y al estado de Sonora. Actualmente, tienen la oportunidad de ser observados por el Club Bravos de Ju\u00e1rez, equipo profesional de la Liga MX.<\/p>\n\n\n\n<p>Cecyte reafirma el compromiso del Gobierno de Sonora con el fortalecimiento de la educaci\u00f3n, el deporte y el desarrollo de talentos en todos los \u00e1mbitos. Estamos convencidos de que, al brindar oportunidades reales a la juventud, se construye un futuro lleno de posibilidades para Sonora.<\/p>\n\n\n\n<p class=\"has-text-align-center\"><img loading=\"lazy\" decoding=\"async\" width=\"500\" height=\"482\" class=\"wp-image-22866\" style=\"width: 500px;\" src=\"https:\/\/elreporterodelacomunidad.com\/wp-content\/uploads\/2025\/09\/foto-19sep2025-Cecyte-1.jpeg\" alt=\"\" srcset=\"https:\/\/elreporterodelacomunidad.com\/wp-content\/uploads\/2025\/09\/foto-19sep2025-Cecyte-1.jpeg 1245w, https:\/\/elreporterodelacomunidad.com\/wp-content\/uploads\/2025\/09\/foto-19sep2025-Cecyte-1-300x289.jpeg 300w, https:\/\/elreporterodelacomunidad.com\/wp-content\/uploads\/2025\/09\/foto-19sep2025-Cecyte-1-1024x987.jpeg 1024w, https:\/\/elreporterodelacomunidad.com\/wp-content\/uploads\/2025\/09\/foto-19sep2025-Cecyte-1-768x740.jpeg 768w, https:\/\/elreporterodelacomunidad.com\/wp-content\/uploads\/2025\/09\/foto-19sep2025-Cecyte-1-750x723.jpeg 750w, https:\/\/elreporterodelacomunidad.com\/wp-content\/uploads\/2025\/09\/foto-19sep2025-Cecyte-1-1140x1099.jpeg 1140w\" sizes=\"auto, (max-width: 500px) 100vw, 500px\" \/><\/p>\n","protected":false},"excerpt":{"rendered":"<p>Hermosillo, Sonora a 19 de septiembre de 2025.- Estudiantes del Colegio de Estudios Cient\u00edficos y Tecnol\u00f3gicos del Estado de Sonora (Cecyte Sonora), plantel Plutarco El\u00edas Calles, se coronaron campeones durante el segundo Torneo Bravos Internacional de Ciudad Ju\u00e1rez, celebrado en Chihuahua, junto al equipo de f\u00fatbol de la Academia Bravos de Caborca en la categor\u00eda [&hellip;]<\/p>\n","protected":false},"author":5,"featured_media":22865,"comment_status":"open","ping_status":"open","sticky":false,"template":"","format":"standard","meta":{"footnotes":""},"categories":[33],"tags":[],"class_list":["post-22864","post","type-post","status-publish","format-standard","has-post-thumbnail","hentry","category-deportes"],"_links":{"self":[{"href":"https:\/\/elreporterodelacomunidad.com\/index.php\/wp-json\/wp\/v2\/posts\/22864","targetHints":{"allow":["GET"]}}],"collection":[{"href":"https:\/\/elreporterodelacomunidad.com\/index.php\/wp-json\/wp\/v2\/posts"}],"about":[{"href":"https:\/\/elreporterodelacomunidad.com\/index.php\/wp-json\/wp\/v2\/types\/post"}],"author":[{"embeddable":true,"href":"https:\/\/elreporterodelacomunidad.com\/index.php\/wp-json\/wp\/v2\/users\/5"}],"replies":[{"embeddable":true,"href":"https:\/\/elreporterodelacomunidad.com\/index.php\/wp-json\/wp\/v2\/comments?post=22864"}],"version-history":[{"count":1,"href":"https:\/\/elreporterodelacomunidad.com\/index.php\/wp-json\/wp\/v2\/posts\/22864\/revisions"}],"predecessor-version":[{"id":22867,"href":"https:\/\/elreporterodelacomunidad.com\/index.php\/wp-json\/wp\/v2\/posts\/22864\/revisions\/22867"}],"wp:featuredmedia":[{"embeddable":true,"href":"https:\/\/elreporterodelacomunidad.com\/index.php\/wp-json\/wp\/v2\/media\/22865"}],"wp:attachment":[{"href":"https:\/\/elreporterodelacomunidad.com\/index.php\/wp-json\/wp\/v2\/media?parent=22864"}],"wp:term":[{"taxonomy":"category","embeddable":true,"href":"https:\/\/elreporterodelacomunidad.com\/index.php\/wp-json\/wp\/v2\/categories?post=22864"},{"taxonomy":"post_tag","embeddable":true,"href":"https:\/\/elreporterodelacomunidad.com\/index.php\/wp-json\/wp\/v2\/tags?post=22864"}],"curies":[{"name":"wp","href":"https:\/\/api.w.org\/{rel}","templated":true}]}}