{"id":22861,"date":"2025-09-19T13:06:39","date_gmt":"2025-09-19T20:06:39","guid":{"rendered":"https:\/\/elreporterodelacomunidad.com\/?p=22861"},"modified":"2025-09-19T13:06:45","modified_gmt":"2025-09-19T20:06:45","slug":"el-tri-de-softbol-asegura-su-pase-al-mundial-2026-en-panamericano-u-23","status":"publish","type":"post","link":"https:\/\/elreporterodelacomunidad.com\/index.php\/2025\/09\/19\/el-tri-de-softbol-asegura-su-pase-al-mundial-2026-en-panamericano-u-23\/","title":{"rendered":"El &#8220;Tri&#8221; de Softbol asegura su pase al Mundial 2026 en Panamericano U 23\u00a0"},"content":{"rendered":"\n<p>Tras colocar sus n\u00fameros en 5-1, luego de derrotar a Per\u00fa, el equipo azteca amarr\u00f3 el boleto a la cita mundialista que ser\u00e1 en Colombia.<\/p>\n\n\n\n<p>Hermosillo, Sonora a 19 de septiembre del 2025.- M\u00e9xico, con su quinta victoria por una derrota, tras vencer este jueves 8-0 a Per\u00fa, dentro del Campeonato Panamericano de Softbol U23 Varonil, asegur\u00f3 su pase a la Copa del Mundo 2026 de la categor\u00eda y rama, a celebrarse en Colombia.<\/p>\n\n\n\n<p>El lanzador Jos\u00e9 Refugio Reyes, quien tir\u00f3 las cinco entradas en blanco para un hit con once ponches, logr\u00f3 la victoria, respaldado por el poder ofensivo de Jordan Solorio, pues remolc\u00f3 tres anotaciones, gracias a un jonr\u00f3n de dos carreras y a un sencillo productor.<\/p>\n\n\n\n<p>En el juego ante Per\u00fa, los cinco jugadores de posici\u00f3n de nuestra entidad aparecieron en la alineaci\u00f3n azteca, para irse de manera combinada de 5-2, siendo Christian del Valle (dio sencillo y timbr\u00f3 una) y Manuel Leyva (son\u00f3 un doblete con una anotada) quienes conectaron los imparables al batear ambos de 2-1.<\/p>\n\n\n\n<p>Por su parte, David D\u00edaz se fue de 1-0 y Manuel Zepeda recibi\u00f3 un pelotazo en un turno, y aunque ambos no pegaron imparable, cada uno pis\u00f3 la goma en una ocasi\u00f3n. Adem\u00e1s, Alejandro Garc\u00eda tambi\u00e9n vio acci\u00f3n, sin embargo, s\u00f3lo entr\u00f3 a la defensiva (cubri\u00f3 la receptor\u00eda).<\/p>\n\n\n\n<p>Los otros dos sonorenses en el equipo, los lanzadores Carlos Parra y Jos\u00e9 Manuel Contreras, quienes recibieron descanso ante los peruanos, han lucido en el torneo continental; el \u201cMacumbero\u201d tiene marca de 2-1 (dos blanqueadas) y el \u201cMe\u00f1o\u201d cuenta con un triunfo (tambi\u00e9n por la v\u00eda de la \u201clechada\u201d).<\/p>\n\n\n\n<p>Con el triunfo de este jueves el equipo que dirige el sonorense Carlos Parra Trujillo, empat\u00f3 el liderato junto a Argentina, pues los dos poseen marca de 5-1; el viernes, en la \u00faltima jornada del rol regular, se medir\u00e1n para definir la tabla de posiciones. Posteriormente, el s\u00e1bado termina el torneo bajo el siguiente sistema: el 1 y 2 del standing pelear\u00e1n por el oro y el 3 y 4 disputar\u00e1n el bronce.<\/p>\n\n\n\n<p><\/p>\n","protected":false},"excerpt":{"rendered":"<p>Tras colocar sus n\u00fameros en 5-1, luego de derrotar a Per\u00fa, el equipo azteca amarr\u00f3 el boleto a la cita mundialista que ser\u00e1 en Colombia. Hermosillo, Sonora a 19 de septiembre del 2025.- M\u00e9xico, con su quinta victoria por una derrota, tras vencer este jueves 8-0 a Per\u00fa, dentro del Campeonato Panamericano de Softbol U23 [&hellip;]<\/p>\n","protected":false},"author":5,"featured_media":22862,"comment_status":"open","ping_status":"open","sticky":false,"template":"","format":"standard","meta":{"footnotes":""},"categories":[33],"tags":[],"class_list":["post-22861","post","type-post","status-publish","format-standard","has-post-thumbnail","hentry","category-deportes"],"_links":{"self":[{"href":"https:\/\/elreporterodelacomunidad.com\/index.php\/wp-json\/wp\/v2\/posts\/22861","targetHints":{"allow":["GET"]}}],"collection":[{"href":"https:\/\/elreporterodelacomunidad.com\/index.php\/wp-json\/wp\/v2\/posts"}],"about":[{"href":"https:\/\/elreporterodelacomunidad.com\/index.php\/wp-json\/wp\/v2\/types\/post"}],"author":[{"embeddable":true,"href":"https:\/\/elreporterodelacomunidad.com\/index.php\/wp-json\/wp\/v2\/users\/5"}],"replies":[{"embeddable":true,"href":"https:\/\/elreporterodelacomunidad.com\/index.php\/wp-json\/wp\/v2\/comments?post=22861"}],"version-history":[{"count":1,"href":"https:\/\/elreporterodelacomunidad.com\/index.php\/wp-json\/wp\/v2\/posts\/22861\/revisions"}],"predecessor-version":[{"id":22863,"href":"https:\/\/elreporterodelacomunidad.com\/index.php\/wp-json\/wp\/v2\/posts\/22861\/revisions\/22863"}],"wp:featuredmedia":[{"embeddable":true,"href":"https:\/\/elreporterodelacomunidad.com\/index.php\/wp-json\/wp\/v2\/media\/22862"}],"wp:attachment":[{"href":"https:\/\/elreporterodelacomunidad.com\/index.php\/wp-json\/wp\/v2\/media?parent=22861"}],"wp:term":[{"taxonomy":"category","embeddable":true,"href":"https:\/\/elreporterodelacomunidad.com\/index.php\/wp-json\/wp\/v2\/categories?post=22861"},{"taxonomy":"post_tag","embeddable":true,"href":"https:\/\/elreporterodelacomunidad.com\/index.php\/wp-json\/wp\/v2\/tags?post=22861"}],"curies":[{"name":"wp","href":"https:\/\/api.w.org\/{rel}","templated":true}]}}