{"id":22703,"date":"2025-09-15T17:25:51","date_gmt":"2025-09-16T00:25:51","guid":{"rendered":"https:\/\/elreporterodelacomunidad.com\/?p=22703"},"modified":"2025-09-15T17:25:58","modified_gmt":"2025-09-16T00:25:58","slug":"culmina-edgar-rivera-en-el-puesto-14-del-campeonato-mundial-de-atletismo","status":"publish","type":"post","link":"https:\/\/elreporterodelacomunidad.com\/index.php\/2025\/09\/15\/culmina-edgar-rivera-en-el-puesto-14-del-campeonato-mundial-de-atletismo\/","title":{"rendered":"Culmina \u00c9dgar Rivera en el puesto 14 del Campeonato Mundial de Atletismo.\u00a0"},"content":{"rendered":"\n<p>Su mejor salto fue de 2.21 metros para colocarse en el noveno sitio de su grupo y entre los primeros 15 de 35 competidores en Tokio, Jap\u00f3n<\/p>\n\n\n\n<p>Hermosillo, Sonora a 15 de septiembre del 2025.- El sonorense \u00c9dgar Rivera culmin\u00f3 en la decimocuarta posici\u00f3n de la tabla general en el salto de altura, luego de que la madrugada de este domingo cumpli\u00f3 su participaci\u00f3n en el Campeonato Mundial de Atletismo 2025 con sede en Tokio, Jap\u00f3n.<\/p>\n\n\n\n<p>Rivera Morales tuvo un mejor salto de 2.21 metros, para ubicarse en el noveno puesto del Grupo \u201cB\u201d y eso lo mand\u00f3 al sitio 14 general, tras comparar las marcas de los 35 participantes \u2013dos no terminaron- de 22 pa\u00edses, que arroj\u00f3 a 13 finalistas, quienes buscar\u00e1n las medallas el pr\u00f3ximo martes.<\/p>\n\n\n\n<p>Seg\u00fan los resultados de la World Athletics, \u00c9dgar Alejandro, de 34 a\u00f1os, finaliz\u00f3 en un cu\u00e1druple empate en el listado total junto al israel\u00ed Jonathan Kapitolnik, el japon\u00e9s Tomohiro Shinno y el taiwan\u00e9s Chao-Hsuan FU.<\/p>\n\n\n\n<p>Fue la sexta participaci\u00f3n para el saltador originario de Agua Prieta, Sonora, en un Campeonato del Mundo de Atletismo, y de tal forma, acaba de superar al velocista Alejandro C\u00e1rdenas \u2013acudi\u00f3 a cinco- como el sonorense con m\u00e1s actuaciones en la historia en ese certamen internacional de pista y campo.<\/p>\n\n\n\n<p>El otro mexicano que vio acci\u00f3n en la prueba de salto de altura, \u00c9rick Portillo, curiosamente se qued\u00f3 con la misma marca de 2.21 metros, pero al lograrlo despu\u00e9s de Rivera Morales, termin\u00f3 en el puesto 18 de manera global.<\/p>\n","protected":false},"excerpt":{"rendered":"<p>Su mejor salto fue de 2.21 metros para colocarse en el noveno sitio de su grupo y entre los primeros 15 de 35 competidores en Tokio, Jap\u00f3n Hermosillo, Sonora a 15 de septiembre del 2025.- El sonorense \u00c9dgar Rivera culmin\u00f3 en la decimocuarta posici\u00f3n de la tabla general en el salto de altura, luego de [&hellip;]<\/p>\n","protected":false},"author":5,"featured_media":22704,"comment_status":"open","ping_status":"open","sticky":false,"template":"","format":"standard","meta":{"footnotes":""},"categories":[33],"tags":[],"class_list":["post-22703","post","type-post","status-publish","format-standard","has-post-thumbnail","hentry","category-deportes"],"_links":{"self":[{"href":"https:\/\/elreporterodelacomunidad.com\/index.php\/wp-json\/wp\/v2\/posts\/22703","targetHints":{"allow":["GET"]}}],"collection":[{"href":"https:\/\/elreporterodelacomunidad.com\/index.php\/wp-json\/wp\/v2\/posts"}],"about":[{"href":"https:\/\/elreporterodelacomunidad.com\/index.php\/wp-json\/wp\/v2\/types\/post"}],"author":[{"embeddable":true,"href":"https:\/\/elreporterodelacomunidad.com\/index.php\/wp-json\/wp\/v2\/users\/5"}],"replies":[{"embeddable":true,"href":"https:\/\/elreporterodelacomunidad.com\/index.php\/wp-json\/wp\/v2\/comments?post=22703"}],"version-history":[{"count":1,"href":"https:\/\/elreporterodelacomunidad.com\/index.php\/wp-json\/wp\/v2\/posts\/22703\/revisions"}],"predecessor-version":[{"id":22705,"href":"https:\/\/elreporterodelacomunidad.com\/index.php\/wp-json\/wp\/v2\/posts\/22703\/revisions\/22705"}],"wp:featuredmedia":[{"embeddable":true,"href":"https:\/\/elreporterodelacomunidad.com\/index.php\/wp-json\/wp\/v2\/media\/22704"}],"wp:attachment":[{"href":"https:\/\/elreporterodelacomunidad.com\/index.php\/wp-json\/wp\/v2\/media?parent=22703"}],"wp:term":[{"taxonomy":"category","embeddable":true,"href":"https:\/\/elreporterodelacomunidad.com\/index.php\/wp-json\/wp\/v2\/categories?post=22703"},{"taxonomy":"post_tag","embeddable":true,"href":"https:\/\/elreporterodelacomunidad.com\/index.php\/wp-json\/wp\/v2\/tags?post=22703"}],"curies":[{"name":"wp","href":"https:\/\/api.w.org\/{rel}","templated":true}]}}