{"id":22634,"date":"2025-09-13T10:21:25","date_gmt":"2025-09-13T17:21:25","guid":{"rendered":"https:\/\/elreporterodelacomunidad.com\/?p=22634"},"modified":"2025-09-13T10:21:27","modified_gmt":"2025-09-13T17:21:27","slug":"edgar-rivera-listo-para-saltar-en-el-campeonato-mundial-de-atletismo-2025","status":"publish","type":"post","link":"https:\/\/elreporterodelacomunidad.com\/index.php\/2025\/09\/13\/edgar-rivera-listo-para-saltar-en-el-campeonato-mundial-de-atletismo-2025\/","title":{"rendered":"\u00c9dgar Rivera listo para saltar en el Campeonato Mundial de Atletismo 2025."},"content":{"rendered":"\n<p>El sonorense competir\u00e1 el domingo 14 de septiembre en Jap\u00f3n, dentro de la ronda clasificatoria; ser\u00e1 su sexto evento mundialista.<\/p>\n\n\n\n<p><strong>Hermosillo, Sonora a 13 de septiembre del 2025.- <\/strong>M\u00e9xico presentar\u00e1 19 competidores en el Campeonato Mundial de Atletismo, que iniciar\u00e1 el s\u00e1bado 13 y terminar\u00e1 el 21 de septiembre, en donde el saltador sonorense \u00c9dgar Rivera ver\u00e1 acci\u00f3n por sexta ocasi\u00f3n en un evento de tal calidad.<\/p>\n\n\n\n<p>El originario de Agua Prieta ser\u00e1 uno de los dos saltadores de altura de la selecci\u00f3n nacional, pues tambi\u00e9n estar\u00e1 \u00c9dgar Portillo, quien de igual manera formar\u00e1 parte de la delegaci\u00f3n mexicana, la cual participar\u00e1 como uno de los 200 pa\u00edses dentro de la vig\u00e9sima edici\u00f3n del certamen mundialista de pista y campo.<\/p>\n\n\n\n<p>En el caso de Rivera Morales, competir\u00e1 el pr\u00f3ximo domingo 14 de septiembre a las 2:40 de la tarde (tiempo de Sonora), en la ronda clasificatoria; en el mismo evento saltar\u00e1 Portillo Rodr\u00edguez. Si uno o los dos logran avanzar a la final, buscar\u00e1n medallas el martes 16 de septiembre a las 17:35 horas (de nuestra entidad).<\/p>\n\n\n\n<p>El saltador, con experiencia en tres Juegos Ol\u00edmpicos (R\u00edo 2016, Tokio 2020 y Par\u00eds 2024), asegur\u00f3 su sitio en la capital del sol naciente, mediante el ranking internacional, pues lleg\u00f3 a ubicarse en el puesto 29 entre los saltadores de altura de todo el orbe, seg\u00fan la World Athletics.<\/p>\n\n\n\n<p>Las cinco actuaciones de \u00c9dgar Alejandro, de 34 a\u00f1os de edad, en Campeonatos Mundiales de Atletismo han sido en: Daegu (China) 2011, Mosc\u00fa (Rusia) 2013, Londres (Inglaterra) 2017, Eugene (Estados Unidos) 2020 y Budapest (Hungr\u00eda) 2023.<\/p>\n","protected":false},"excerpt":{"rendered":"<p>El sonorense competir\u00e1 el domingo 14 de septiembre en Jap\u00f3n, dentro de la ronda clasificatoria; ser\u00e1 su sexto evento mundialista. Hermosillo, Sonora a 13 de septiembre del 2025.- M\u00e9xico presentar\u00e1 19 competidores en el Campeonato Mundial de Atletismo, que iniciar\u00e1 el s\u00e1bado 13 y terminar\u00e1 el 21 de septiembre, en donde el saltador sonorense \u00c9dgar [&hellip;]<\/p>\n","protected":false},"author":5,"featured_media":22635,"comment_status":"open","ping_status":"open","sticky":false,"template":"","format":"standard","meta":{"footnotes":""},"categories":[33],"tags":[],"class_list":["post-22634","post","type-post","status-publish","format-standard","has-post-thumbnail","hentry","category-deportes"],"_links":{"self":[{"href":"https:\/\/elreporterodelacomunidad.com\/index.php\/wp-json\/wp\/v2\/posts\/22634","targetHints":{"allow":["GET"]}}],"collection":[{"href":"https:\/\/elreporterodelacomunidad.com\/index.php\/wp-json\/wp\/v2\/posts"}],"about":[{"href":"https:\/\/elreporterodelacomunidad.com\/index.php\/wp-json\/wp\/v2\/types\/post"}],"author":[{"embeddable":true,"href":"https:\/\/elreporterodelacomunidad.com\/index.php\/wp-json\/wp\/v2\/users\/5"}],"replies":[{"embeddable":true,"href":"https:\/\/elreporterodelacomunidad.com\/index.php\/wp-json\/wp\/v2\/comments?post=22634"}],"version-history":[{"count":1,"href":"https:\/\/elreporterodelacomunidad.com\/index.php\/wp-json\/wp\/v2\/posts\/22634\/revisions"}],"predecessor-version":[{"id":22636,"href":"https:\/\/elreporterodelacomunidad.com\/index.php\/wp-json\/wp\/v2\/posts\/22634\/revisions\/22636"}],"wp:featuredmedia":[{"embeddable":true,"href":"https:\/\/elreporterodelacomunidad.com\/index.php\/wp-json\/wp\/v2\/media\/22635"}],"wp:attachment":[{"href":"https:\/\/elreporterodelacomunidad.com\/index.php\/wp-json\/wp\/v2\/media?parent=22634"}],"wp:term":[{"taxonomy":"category","embeddable":true,"href":"https:\/\/elreporterodelacomunidad.com\/index.php\/wp-json\/wp\/v2\/categories?post=22634"},{"taxonomy":"post_tag","embeddable":true,"href":"https:\/\/elreporterodelacomunidad.com\/index.php\/wp-json\/wp\/v2\/tags?post=22634"}],"curies":[{"name":"wp","href":"https:\/\/api.w.org\/{rel}","templated":true}]}}