{"id":22631,"date":"2025-09-13T10:19:57","date_gmt":"2025-09-13T17:19:57","guid":{"rendered":"https:\/\/elreporterodelacomunidad.com\/?p=22631"},"modified":"2025-09-13T10:20:00","modified_gmt":"2025-09-13T17:20:00","slug":"terna-de-sonorenses-de-tiro-buscara-boletos-a-los-jcc-2026","status":"publish","type":"post","link":"https:\/\/elreporterodelacomunidad.com\/index.php\/2025\/09\/13\/terna-de-sonorenses-de-tiro-buscara-boletos-a-los-jcc-2026\/","title":{"rendered":"Terna de sonorenses de tiro buscar\u00e1 boletos a los JCC 2026."},"content":{"rendered":"\n<p>Andrea y Sof\u00eda Ibarra, junto a David Valdez, estar\u00e1n en el Campeonato Clasificatorio hacia Santo Domingo, Rep\u00fablica Dominicana<\/p>\n\n\n\n<p>Hermosillo, Sonora a 13 de septiembre del 2025.- Las hermanas Andrea y Sof\u00eda Ibarra, adem\u00e1s de David Valdez, ser\u00e1n parte del equipo azteca de tiro deportivo que buscar\u00e1 plazas para M\u00e9xico rumbo a los Juegos Centroamericanos y del Caribe, a celebrarse el a\u00f1o pr\u00f3ximo en Santo Domingo, Rep\u00fablica Dominicana.<\/p>\n\n\n\n<p>Los tres tiradores deportivos sonorenses acudir\u00e1n con el equipo azteca al XXI Campeonato Clasificatorio hacia los JCC, que est\u00e1 programado para efectuarse del 26 de septiembre al 5 de octubre en San Salvador, El Salvador, a donde acudir\u00e1n varios pa\u00edses en busca de los boletos a suelo dominicano.<\/p>\n\n\n\n<p>El equipo tricolor lo conformar\u00e1n 17 deportistas (nueve de pistola y ocho de rifle), incluyendo a la terna de sonorenses, encabezado por la tres veces ol\u00edmpica Alejandra Zavala (pistolera), as\u00ed como tambi\u00e9n estar\u00e1 la dupla de rifleros compuesta por Edson Ram\u00edrez y Zumaya Goretti, quienes estuvieron en los JJOO Par\u00eds 2024.<\/p>\n\n\n\n<p>Los otros cinco atletas de la modalidad de pistola son: Elba Esther Vega, Carlos Gonz\u00e1lez, Daniel Urquiza, Marco Antonio Robles y Fidencio Ariel Gonz\u00e1lez; completan la delegaci\u00f3n de rifle: Er\u00e9ndira Barba, Michel Quezada, Luisa Fernanda M\u00e1rquez, Carlos Quezada, Howard Tijerina y Jos\u00e9 Luis S\u00e1nchez.<\/p>\n\n\n\n<p>En el caso de los sonorenses, Andrea Victoria cuenta con un fuerte palmar\u00e9s internacional con varias preseas internacionales, mientras que Valdez Mouet tratar\u00e1 de reafirmarse en la selecci\u00f3n nacional Mayor, a donde hace poco lleg\u00f3, en tanto que Sof\u00eda Mireya debutar\u00e1 en la selecci\u00f3n de Primera Fuerza, despu\u00e9s de ganar par de platas en los pasados Juegos Panamericanos Junior Asunci\u00f3n 2025.<\/p>\n","protected":false},"excerpt":{"rendered":"<p>Andrea y Sof\u00eda Ibarra, junto a David Valdez, estar\u00e1n en el Campeonato Clasificatorio hacia Santo Domingo, Rep\u00fablica Dominicana Hermosillo, Sonora a 13 de septiembre del 2025.- Las hermanas Andrea y Sof\u00eda Ibarra, adem\u00e1s de David Valdez, ser\u00e1n parte del equipo azteca de tiro deportivo que buscar\u00e1 plazas para M\u00e9xico rumbo a los Juegos Centroamericanos y [&hellip;]<\/p>\n","protected":false},"author":5,"featured_media":22632,"comment_status":"open","ping_status":"open","sticky":false,"template":"","format":"standard","meta":{"footnotes":""},"categories":[33],"tags":[],"class_list":["post-22631","post","type-post","status-publish","format-standard","has-post-thumbnail","hentry","category-deportes"],"_links":{"self":[{"href":"https:\/\/elreporterodelacomunidad.com\/index.php\/wp-json\/wp\/v2\/posts\/22631","targetHints":{"allow":["GET"]}}],"collection":[{"href":"https:\/\/elreporterodelacomunidad.com\/index.php\/wp-json\/wp\/v2\/posts"}],"about":[{"href":"https:\/\/elreporterodelacomunidad.com\/index.php\/wp-json\/wp\/v2\/types\/post"}],"author":[{"embeddable":true,"href":"https:\/\/elreporterodelacomunidad.com\/index.php\/wp-json\/wp\/v2\/users\/5"}],"replies":[{"embeddable":true,"href":"https:\/\/elreporterodelacomunidad.com\/index.php\/wp-json\/wp\/v2\/comments?post=22631"}],"version-history":[{"count":1,"href":"https:\/\/elreporterodelacomunidad.com\/index.php\/wp-json\/wp\/v2\/posts\/22631\/revisions"}],"predecessor-version":[{"id":22633,"href":"https:\/\/elreporterodelacomunidad.com\/index.php\/wp-json\/wp\/v2\/posts\/22631\/revisions\/22633"}],"wp:featuredmedia":[{"embeddable":true,"href":"https:\/\/elreporterodelacomunidad.com\/index.php\/wp-json\/wp\/v2\/media\/22632"}],"wp:attachment":[{"href":"https:\/\/elreporterodelacomunidad.com\/index.php\/wp-json\/wp\/v2\/media?parent=22631"}],"wp:term":[{"taxonomy":"category","embeddable":true,"href":"https:\/\/elreporterodelacomunidad.com\/index.php\/wp-json\/wp\/v2\/categories?post=22631"},{"taxonomy":"post_tag","embeddable":true,"href":"https:\/\/elreporterodelacomunidad.com\/index.php\/wp-json\/wp\/v2\/tags?post=22631"}],"curies":[{"name":"wp","href":"https:\/\/api.w.org\/{rel}","templated":true}]}}