{"id":22603,"date":"2025-09-07T22:21:36","date_gmt":"2025-09-08T05:21:36","guid":{"rendered":"https:\/\/elreporterodelacomunidad.com\/?p=22603"},"modified":"2025-09-07T22:21:39","modified_gmt":"2025-09-08T05:21:39","slug":"tono-astiazaran-liderazgo-local-con-impacto-nacional","status":"publish","type":"post","link":"https:\/\/elreporterodelacomunidad.com\/index.php\/2025\/09\/07\/tono-astiazaran-liderazgo-local-con-impacto-nacional\/","title":{"rendered":"To\u00f1o Astiazar\u00e1n: Liderazgo local con impacto nacional."},"content":{"rendered":"\n<p><strong>Columna: Nada Personal.<\/strong><\/p>\n\n\n\n<p><strong>Autor: Carlos Alberto Guti\u00e9rrez Celaya.<\/strong><\/p>\n\n\n\n<p class=\"has-text-align-center\"><img loading=\"lazy\" decoding=\"async\" width=\"400\" height=\"500\" class=\"wp-image-22605\" style=\"width: 400px;\" src=\"https:\/\/elreporterodelacomunidad.com\/wp-content\/uploads\/2025\/09\/55-2-scaled.jpg\" alt=\"\" srcset=\"https:\/\/elreporterodelacomunidad.com\/wp-content\/uploads\/2025\/09\/55-2-scaled.jpg 2048w, https:\/\/elreporterodelacomunidad.com\/wp-content\/uploads\/2025\/09\/55-2-240x300.jpg 240w, https:\/\/elreporterodelacomunidad.com\/wp-content\/uploads\/2025\/09\/55-2-819x1024.jpg 819w, https:\/\/elreporterodelacomunidad.com\/wp-content\/uploads\/2025\/09\/55-2-768x960.jpg 768w, https:\/\/elreporterodelacomunidad.com\/wp-content\/uploads\/2025\/09\/55-2-1229x1536.jpg 1229w, https:\/\/elreporterodelacomunidad.com\/wp-content\/uploads\/2025\/09\/55-2-1639x2048.jpg 1639w, https:\/\/elreporterodelacomunidad.com\/wp-content\/uploads\/2025\/09\/55-2-750x937.jpg 750w, https:\/\/elreporterodelacomunidad.com\/wp-content\/uploads\/2025\/09\/55-2-1140x1425.jpg 1140w\" sizes=\"auto, (max-width: 400px) 100vw, 400px\" \/><\/p>\n\n\n\n<p>En un pa\u00eds donde la confianza en las instituciones locales suele fluctuar, el reconocimiento del alcalde de Hermosillo, Antonio &#8220;To\u00f1o&#8221; Astiazar\u00e1n, como uno de los 300 L\u00edderes M\u00e1s Influyentes de M\u00e9xico por la revista <em>L\u00edderes Mexicanos<\/em> no es menor. No se trata solo de una distinci\u00f3n honor\u00edfica, sino de una validaci\u00f3n p\u00fablica del impacto que puede tener una administraci\u00f3n municipal bien enfocada en temas clave como la inclusi\u00f3n, la sostenibilidad y la participaci\u00f3n ciudadana.<\/p>\n\n\n\n<p>Desde su reelecci\u00f3n, Astiazar\u00e1n ha demostrado que el liderazgo no es \u00fanicamente ocupar un cargo, sino transformar realidades cotidianas. El Plan H Suma, por ejemplo, va m\u00e1s all\u00e1 de ser una pol\u00edtica de escritorio: representa un esfuerzo tangible por construir una administraci\u00f3n p\u00fablica accesible e incluyente para las personas con discapacidad. Esta clase de iniciativas no son frecuentes en el \u00e1mbito municipal, donde muchas veces se privilegian las obras visibles sobre los cambios estructurales de largo plazo.<\/p>\n\n\n\n<p>Pero el liderazgo del alcalde hermosillense tambi\u00e9n se ve hacia el futuro. Su impulso a proyectos de energ\u00eda renovable, como la instalaci\u00f3n de paneles solares en viviendas y edificios p\u00fablicos, no solo responde a una necesidad ambiental, sino que sienta un precedente de responsabilidad ecol\u00f3gica desde lo local. Adem\u00e1s, la creaci\u00f3n del Cabildo Juvenil no es un simple acto simb\u00f3lico: representa una apuesta por formar ciudadanos cr\u00edticos y comprometidos desde temprana edad, una inversi\u00f3n a largo plazo en el capital democr\u00e1tico del pa\u00eds.<\/p>\n\n\n\n<p>Que To\u00f1o Astiazar\u00e1n figure entre los l\u00edderes m\u00e1s influyentes del pa\u00eds es un mensaje claro: el verdadero poder transformador puede y debe ejercerse desde lo local. Su inclusi\u00f3n en esta lista no solo honra a un pol\u00edtico en funciones, sino que tambi\u00e9n env\u00eda una se\u00f1al al resto del pa\u00eds: los municipios no tienen que ser los eslabones d\u00e9biles del Estado mexicano; pueden ser, si hay voluntad y visi\u00f3n, los motores de un cambio profundo y sostenido.<\/p>\n\n\n\n<p class=\"has-text-align-center\"><img loading=\"lazy\" decoding=\"async\" width=\"400\" height=\"267\" class=\"wp-image-22606\" style=\"width: 400px;\" src=\"https:\/\/elreporterodelacomunidad.com\/wp-content\/uploads\/2025\/09\/3-5.jpg\" alt=\"\" srcset=\"https:\/\/elreporterodelacomunidad.com\/wp-content\/uploads\/2025\/09\/3-5.jpg 1600w, https:\/\/elreporterodelacomunidad.com\/wp-content\/uploads\/2025\/09\/3-5-300x200.jpg 300w, https:\/\/elreporterodelacomunidad.com\/wp-content\/uploads\/2025\/09\/3-5-1024x682.jpg 1024w, https:\/\/elreporterodelacomunidad.com\/wp-content\/uploads\/2025\/09\/3-5-768x512.jpg 768w, https:\/\/elreporterodelacomunidad.com\/wp-content\/uploads\/2025\/09\/3-5-1536x1023.jpg 1536w, https:\/\/elreporterodelacomunidad.com\/wp-content\/uploads\/2025\/09\/3-5-750x500.jpg 750w, https:\/\/elreporterodelacomunidad.com\/wp-content\/uploads\/2025\/09\/3-5-1140x760.jpg 1140w\" sizes=\"auto, (max-width: 400px) 100vw, 400px\" \/><\/p>\n\n\n\n<p><strong>Plan H\u00eddrico Sonora: una apuesta ambiciosa por la sostenibilidad del agua.<\/strong><\/p>\n\n\n\n<p>En M\u00e9xico, la crisis h\u00eddrica se ha vuelto una amenaza constante para el desarrollo social y econ\u00f3mico; en Sonora, el gobernador Alfonso Durazo presenta un giro ambicioso con el Plan H\u00eddrico 2023-2053. Se trata de una estrategia respaldada por cifras contundentes: m\u00e1s de mil obras hidr\u00e1ulicas y una inversi\u00f3n de 2 mil millones de pesos tan solo en 2025. Este esfuerzo busca garantizar agua por al menos tres d\u00e9cadas, un objetivo que pocos estados se han atrevido a proyectar con tal claridad de largo plazo.<\/p>\n\n\n\n<p>La construcci\u00f3n de 78 nuevos pozos distribuidos en puntos estrat\u00e9gicos del estado representa una acci\u00f3n concreta para reducir la presi\u00f3n sobre acu\u00edferos sobreexplotados, especialmente en ciudades como Hermosillo y Guaymas. Adicionalmente, la modernizaci\u00f3n del Acueducto Independencia y el desarrollo del Bypass Hermosillo con capacidad para conducir 800 litros por segundo, responden a una l\u00f3gica t\u00e9cnica de eficiencia en la conducci\u00f3n y distribuci\u00f3n del recurso. Son obras que, de ejecutarse con transparencia y visi\u00f3n, podr\u00edan redefinir el panorama h\u00eddrico de la regi\u00f3n.<\/p>\n\n\n\n<p>Sin embargo, el verdadero reto va m\u00e1s all\u00e1 de la infraestructura. La inclusi\u00f3n de campa\u00f1as educativas como \u201cAgua Cu\u00eddala, que se agota\u201d sugiere que el gobierno ha entendido algo fundamental: sin un cambio cultural en el uso del agua, ninguna obra, por costosa o avanzada que sea, ser\u00e1 suficiente.<\/p>\n\n\n\n<p>La gesti\u00f3n del agua exige tanto inversi\u00f3n p\u00fablica como corresponsabilidad ciudadana. Es alentador que estas campa\u00f1as lleguen a escuelas y comunidades, sembrando conciencia desde la base.<\/p>\n\n\n\n<p>Alfonso Durazo ha colocado el tema h\u00eddrico en el centro de su agenda estatal. Si bien los resultados deben evaluarse en el mediano y largo plazo, lo cierto es que Sonora est\u00e1 hoy mejor posicionado que muchas otras entidades frente a la crisis del agua. La clave estar\u00e1 en mantener la continuidad, blindar el plan contra vaivenes pol\u00edticos, y asegurar que cada obra cumpla su prop\u00f3sito: que el agua deje de ser un privilegio y se consolide como un derecho garantizado para todos los sonorenses.<\/p>\n\n\n\n<p><strong>Por hoy es todo, s\u00edgueme en:<\/strong><strong><\/strong><\/p>\n\n\n\n<p>www.elreporterodelacomunidad.com<\/p>\n\n\n\n<p>Twitter: @elreporteroson y @NPDeportes1<\/p>\n\n\n\n<p>Facebook: El Reportero de la Comunidad y Columna Nada Personal<\/p>\n\n\n\n<p>IG: elreporterodelcomunidad<\/p>\n\n\n\n<p>Tiktok: elreporterodelacomunidad<\/p>\n\n\n\n<p>Whatsapp: 6622217136<\/p>\n","protected":false},"excerpt":{"rendered":"<p>Columna: Nada Personal. Autor: Carlos Alberto Guti\u00e9rrez Celaya. En un pa\u00eds donde la confianza en las instituciones locales suele fluctuar, el reconocimiento del alcalde de Hermosillo, Antonio &#8220;To\u00f1o&#8221; Astiazar\u00e1n, como uno de los 300 L\u00edderes M\u00e1s Influyentes de M\u00e9xico por la revista L\u00edderes Mexicanos no es menor. No se trata solo de una distinci\u00f3n honor\u00edfica, [&hellip;]<\/p>\n","protected":false},"author":2,"featured_media":22607,"comment_status":"open","ping_status":"open","sticky":false,"template":"","format":"standard","meta":{"footnotes":""},"categories":[57,47,53,51,50,48,54,29,27,45],"tags":[],"class_list":["post-22603","post","type-post","status-publish","format-standard","has-post-thumbnail","hentry","category-carlos-alberto-gutierrez-celaya","category-columnas","category-editorial","category-elreporterodelacomunidad","category-nadapersonal","category-noticiasdestacadas","category-picandocresta","category-principalsecundaria","category-ultimahora","category-ultimasnoticias"],"_links":{"self":[{"href":"https:\/\/elreporterodelacomunidad.com\/index.php\/wp-json\/wp\/v2\/posts\/22603","targetHints":{"allow":["GET"]}}],"collection":[{"href":"https:\/\/elreporterodelacomunidad.com\/index.php\/wp-json\/wp\/v2\/posts"}],"about":[{"href":"https:\/\/elreporterodelacomunidad.com\/index.php\/wp-json\/wp\/v2\/types\/post"}],"author":[{"embeddable":true,"href":"https:\/\/elreporterodelacomunidad.com\/index.php\/wp-json\/wp\/v2\/users\/2"}],"replies":[{"embeddable":true,"href":"https:\/\/elreporterodelacomunidad.com\/index.php\/wp-json\/wp\/v2\/comments?post=22603"}],"version-history":[{"count":1,"href":"https:\/\/elreporterodelacomunidad.com\/index.php\/wp-json\/wp\/v2\/posts\/22603\/revisions"}],"predecessor-version":[{"id":22608,"href":"https:\/\/elreporterodelacomunidad.com\/index.php\/wp-json\/wp\/v2\/posts\/22603\/revisions\/22608"}],"wp:featuredmedia":[{"embeddable":true,"href":"https:\/\/elreporterodelacomunidad.com\/index.php\/wp-json\/wp\/v2\/media\/22607"}],"wp:attachment":[{"href":"https:\/\/elreporterodelacomunidad.com\/index.php\/wp-json\/wp\/v2\/media?parent=22603"}],"wp:term":[{"taxonomy":"category","embeddable":true,"href":"https:\/\/elreporterodelacomunidad.com\/index.php\/wp-json\/wp\/v2\/categories?post=22603"},{"taxonomy":"post_tag","embeddable":true,"href":"https:\/\/elreporterodelacomunidad.com\/index.php\/wp-json\/wp\/v2\/tags?post=22603"}],"curies":[{"name":"wp","href":"https:\/\/api.w.org\/{rel}","templated":true}]}}