{"id":22480,"date":"2025-09-03T18:39:14","date_gmt":"2025-09-04T01:39:14","guid":{"rendered":"https:\/\/elreporterodelacomunidad.com\/?p=22480"},"modified":"2025-09-03T18:39:30","modified_gmt":"2025-09-04T01:39:30","slug":"erubiel-durazo-el-florero-mas-caro-del-deporte-sonorense","status":"publish","type":"post","link":"https:\/\/elreporterodelacomunidad.com\/index.php\/2025\/09\/03\/erubiel-durazo-el-florero-mas-caro-del-deporte-sonorense\/","title":{"rendered":"Erubiel Durazo: El florero m\u00e1s caro del deporte sonorense."},"content":{"rendered":"\n<p><strong>Columna: Nada Personal.<\/strong><strong><\/strong><\/p>\n\n\n\n<p><strong>Autor: Carlos Alberto Guti\u00e9rrez Celaya.<\/strong><strong><\/strong><\/p>\n\n\n\n<p>En la jerga pol\u00edtica mexicana, el t\u00e9rmino <em>\u201cflorero\u201d<\/em> describe a esos funcionarios que cobran un sueldo p\u00fablico sin aportar resultados relevantes. Son piezas decorativas de la administraci\u00f3n, m\u00e1s pendientes de la foto que de la funci\u00f3n. En Sonora, uno de los casos m\u00e1s claros es el de Erubiel Durazo, actual director de la Comisi\u00f3n del Deporte del Estado (Codeson).<\/p>\n\n\n\n<p>Su llegada al cargo, m\u00e1s que responder a un perfil t\u00e9cnico o de gesti\u00f3n deportiva, parece haber sido un pago de favores pol\u00edticos por su respaldo en campa\u00f1as. Sin embargo, la pregunta obligada es: \u00bfcu\u00e1l ha sido el impacto real de su gesti\u00f3n en beneficio del deporte sonorense?<\/p>\n\n\n\n<p>A lo largo de estos a\u00f1os, Durazo se ha mostrado como un funcionario insensible, poco emp\u00e1tico y sin inter\u00e9s en dejar un legado. En su arranque asegur\u00f3 que quer\u00eda \u201cregresar al deporte lo mucho que le hab\u00eda dado\u201d, pero hoy la realidad muestra lo contrario: reuniones selectivas con asociaciones, poca apertura al di\u00e1logo y un perfil gris que reduce a Codeson a una oficina sin rumbo.<\/p>\n\n\n\n<p>El tema de las becas deportivas refleja con crudeza esa falta de compromiso. Mientras los atletas convencionales recibieron su apoyo en diciembre de 2024, los paral\u00edmpicos acumulan m\u00e1s de un a\u00f1o sin recibir el est\u00edmulo que ya ganaron con esfuerzo y resultados. Codeson, lejos de asumir su responsabilidad, se escuda en que la gesti\u00f3n corresponde al Instituto de Becas del Estado. Pero si la instituci\u00f3n encargada del deporte no defiende a sus propios atletas, \u00bfentonces qui\u00e9n lo har\u00e1?<\/p>\n\n\n\n<p>El caso de Durazo en Codeson es apenas un bot\u00f3n de muestra de lo que ocurre en el gobierno estatal. Con 14 secretar\u00edas y m\u00faltiples organismos descentralizados, es v\u00e1lido preguntarse: \u00bfcu\u00e1ntos otros \u201cfloreros\u201d existen en la actual administraci\u00f3n de Sonora? Funcionarios que ocupan un lugar en el organigrama pero no en la soluci\u00f3n de los problemas.<\/p>\n\n\n\n<p>El deporte sonorense, con su riqueza de talento y disciplina, necesita liderazgo real, no adornos administrativos. Y mientras la direcci\u00f3n de Codeson se limite a posar como un florero, ser\u00e1n los atletas \u2014los verdaderos protagonistas\u2014 quienes carguen con las consecuencias de esa falta de visi\u00f3n y empat\u00eda.<\/p>\n\n\n\n<p class=\"has-text-align-center\"><img loading=\"lazy\" decoding=\"async\" width=\"500\" height=\"314\" class=\"wp-image-22455\" style=\"width: 500px;\" src=\"https:\/\/elreporterodelacomunidad.com\/wp-content\/uploads\/2025\/09\/Captura-de-pantalla-2025-09-03-150252.jpg\" alt=\"\" srcset=\"https:\/\/elreporterodelacomunidad.com\/wp-content\/uploads\/2025\/09\/Captura-de-pantalla-2025-09-03-150252.jpg 852w, https:\/\/elreporterodelacomunidad.com\/wp-content\/uploads\/2025\/09\/Captura-de-pantalla-2025-09-03-150252-300x188.jpg 300w, https:\/\/elreporterodelacomunidad.com\/wp-content\/uploads\/2025\/09\/Captura-de-pantalla-2025-09-03-150252-768x482.jpg 768w, https:\/\/elreporterodelacomunidad.com\/wp-content\/uploads\/2025\/09\/Captura-de-pantalla-2025-09-03-150252-750x471.jpg 750w\" sizes=\"auto, (max-width: 500px) 100vw, 500px\" \/><\/p>\n\n\n\n<p class=\"has-text-align-center\"><strong>Peculado millonario en la SEC Sonora: exfuncionarios enfrentan la justicia<\/strong><\/p>\n\n\n\n<p>Exfuncionarios de la Secretar\u00eda de Educaci\u00f3n y Cultura (SEC) de Sonora se encuentran bajo proceso judicial por su presunta participaci\u00f3n en un desv\u00edo de recursos por casi 290 millones de pesos, inform\u00f3 la Fiscal\u00eda Anticorrupci\u00f3n del Estado. Jos\u00e9 V\u00edctor \u201cN\u201d y Francisco Alberto \u201cN\u201d fueron vinculados a proceso y permanecen en prisi\u00f3n preventiva justificada en un Centro de Reinserci\u00f3n Social mientras se desarrolla la investigaci\u00f3n.<\/p>\n\n\n\n<p>El caso se origina a partir de una denuncia presentada en septiembre de 2021, que permiti\u00f3 a la Fiscal\u00eda integrar una carpeta s\u00f3lida de investigaci\u00f3n. Seg\u00fan el fiscal Mauricio Ibarra Romo, se ha acreditado ante el juez la probable responsabilidad de los imputados en delitos de peculado e incumplimiento de un deber legal, tras desviar recursos p\u00fablicos destinados a partidas de servicios personales, n\u00f3minas y prestaciones.<\/p>\n\n\n\n<p>Los hechos investigados abarcan los ejercicios fiscales 2018 a 2021, periodo en el que los fondos fueron presuntamente desviados a trav\u00e9s de fideicomisos bancarios hacia una Sociedad Financiera de Objeto Limitado (SOFOL), bajo la contrataci\u00f3n de un esquema de beneficios m\u00faltiples con una empresa privada que nunca cumpli\u00f3 con lo acordado. Este mecanismo evidencia maniobras sofisticadas para sustraer recursos p\u00fablicos sin justificaci\u00f3n legal.<\/p>\n\n\n\n<p>Adem\u00e1s de las vinculaciones ya ejecutadas, existen \u00f3rdenes de aprehensi\u00f3n pendientes contra otros ex servidores p\u00fablicos y un particular involucrados en el esquema de corrupci\u00f3n. Este caso pone de manifiesto los riesgos de la falta de transparencia y la necesidad de vigilancia constante sobre el manejo de recursos p\u00fablicos, as\u00ed como la importancia de que la justicia act\u00fae con celeridad para sancionar la impunidad.<\/p>\n\n\n\n<p class=\"has-text-align-center\"><img loading=\"lazy\" decoding=\"async\" width=\"500\" height=\"280\" class=\"wp-image-22482\" style=\"width: 500px;\" src=\"https:\/\/elreporterodelacomunidad.com\/wp-content\/uploads\/2025\/09\/image.jpg\" alt=\"\" srcset=\"https:\/\/elreporterodelacomunidad.com\/wp-content\/uploads\/2025\/09\/image.jpg 400w, https:\/\/elreporterodelacomunidad.com\/wp-content\/uploads\/2025\/09\/image-300x168.jpg 300w\" sizes=\"auto, (max-width: 500px) 100vw, 500px\" \/><\/p>\n\n\n\n<p class=\"has-text-align-center\"><strong>Suspenden clases en Sonora ante el avance del cicl\u00f3n Lorena<\/strong><\/p>\n\n\n\n<p>La Secretar\u00eda de Educaci\u00f3n y Cultura (SEC) de Sonora anunci\u00f3 la suspensi\u00f3n de clases en los 72 municipios de la entidad, en todos los niveles educativos, debido a los efectos del cicl\u00f3n tropical Lorena. La medida aplica a partir del turno vespertino del mi\u00e9rcoles 3 de septiembre y se mantendr\u00e1 jueves 4 y viernes 5 en ambos turnos, siguiendo las recomendaciones de la Coordinaci\u00f3n Estatal de Protecci\u00f3n Civil (CECP).<\/p>\n\n\n\n<p>El pron\u00f3stico meteorol\u00f3gico advierte de lluvias intensas a extraordinarias y vientos fuertes, provocados por el cicl\u00f3n que actualmente se mantiene como hurac\u00e1n y podr\u00eda tocar tierra sonorense en los pr\u00f3ximos d\u00edas como post-tormenta tropical. Las lluvias recientes en Hermosillo, con acumulados de 83 mm, muestran el impacto que Lorena ya ha comenzado a generar en la regi\u00f3n.<\/p>\n\n\n\n<p>M\u00e1s de 3 mil planteles y 440 mil estudiantes se ver\u00e1n afectados por la suspensi\u00f3n, que abarca tanto escuelas p\u00fablicas como privadas. La SEC exhorta a la comunidad educativa a mantenerse atenta a los comunicados oficiales y a seguir las indicaciones de las autoridades para proteger su integridad y salud durante este evento clim\u00e1tico.<\/p>\n\n\n\n<p>Las universidades del estado tambi\u00e9n se sumaron a la medida preventiva. Instituciones como la Universidad de Sonora (Unison), el Instituto Tecnol\u00f3gico de Hermosillo (ITH), la Universidad Tecnol\u00f3gica de Hermosillo (UTH) y la Universidad Estatal de Sonora (UES) confirmaron la suspensi\u00f3n de actividades presenciales, adoptando modalidades virtuales cuando sea posible, con el fin de resguardar a estudiantes, docentes y personal administrativo frente a los riesgos que genera el paso del cicl\u00f3n.<\/p>\n\n\n\n<p><strong>Por hoy es todo, s\u00edgueme en:<\/strong><\/p>\n\n\n\n<p>www.elreporterodelacomunidad.com<\/p>\n\n\n\n<p>Twitter: @elreporteroson y @NPDeportes1<\/p>\n\n\n\n<p>Facebook: El Reportero de la Comunidad y Columna Nada Personal<\/p>\n\n\n\n<p>IG: elreporterodelcomunidad<\/p>\n\n\n\n<p>Tiktok: elreporterodelacomunidad<\/p>\n\n\n\n<p>Whatsapp: 6622217136<\/p>\n","protected":false},"excerpt":{"rendered":"<p>Columna: Nada Personal. Autor: Carlos Alberto Guti\u00e9rrez Celaya. En la jerga pol\u00edtica mexicana, el t\u00e9rmino \u201cflorero\u201d describe a esos funcionarios que cobran un sueldo p\u00fablico sin aportar resultados relevantes. Son piezas decorativas de la administraci\u00f3n, m\u00e1s pendientes de la foto que de la funci\u00f3n. En Sonora, uno de los casos m\u00e1s claros es el de [&hellip;]<\/p>\n","protected":false},"author":2,"featured_media":22481,"comment_status":"open","ping_status":"open","sticky":false,"template":"","format":"standard","meta":{"footnotes":""},"categories":[57,47,33,53,51,48,54,26,29,27,45],"tags":[],"class_list":["post-22480","post","type-post","status-publish","format-standard","has-post-thumbnail","hentry","category-carlos-alberto-gutierrez-celaya","category-columnas","category-deportes","category-editorial","category-elreporterodelacomunidad","category-noticiasdestacadas","category-picandocresta","category-principal","category-principalsecundaria","category-ultimahora","category-ultimasnoticias"],"_links":{"self":[{"href":"https:\/\/elreporterodelacomunidad.com\/index.php\/wp-json\/wp\/v2\/posts\/22480","targetHints":{"allow":["GET"]}}],"collection":[{"href":"https:\/\/elreporterodelacomunidad.com\/index.php\/wp-json\/wp\/v2\/posts"}],"about":[{"href":"https:\/\/elreporterodelacomunidad.com\/index.php\/wp-json\/wp\/v2\/types\/post"}],"author":[{"embeddable":true,"href":"https:\/\/elreporterodelacomunidad.com\/index.php\/wp-json\/wp\/v2\/users\/2"}],"replies":[{"embeddable":true,"href":"https:\/\/elreporterodelacomunidad.com\/index.php\/wp-json\/wp\/v2\/comments?post=22480"}],"version-history":[{"count":1,"href":"https:\/\/elreporterodelacomunidad.com\/index.php\/wp-json\/wp\/v2\/posts\/22480\/revisions"}],"predecessor-version":[{"id":22483,"href":"https:\/\/elreporterodelacomunidad.com\/index.php\/wp-json\/wp\/v2\/posts\/22480\/revisions\/22483"}],"wp:featuredmedia":[{"embeddable":true,"href":"https:\/\/elreporterodelacomunidad.com\/index.php\/wp-json\/wp\/v2\/media\/22481"}],"wp:attachment":[{"href":"https:\/\/elreporterodelacomunidad.com\/index.php\/wp-json\/wp\/v2\/media?parent=22480"}],"wp:term":[{"taxonomy":"category","embeddable":true,"href":"https:\/\/elreporterodelacomunidad.com\/index.php\/wp-json\/wp\/v2\/categories?post=22480"},{"taxonomy":"post_tag","embeddable":true,"href":"https:\/\/elreporterodelacomunidad.com\/index.php\/wp-json\/wp\/v2\/tags?post=22480"}],"curies":[{"name":"wp","href":"https:\/\/api.w.org\/{rel}","templated":true}]}}