{"id":22439,"date":"2025-09-03T09:36:12","date_gmt":"2025-09-03T16:36:12","guid":{"rendered":"https:\/\/elreporterodelacomunidad.com\/?p=22439"},"modified":"2025-09-03T09:36:18","modified_gmt":"2025-09-03T16:36:18","slug":"stephen-nogosek-de-tomateros-de-culiacan-relevista-del-ano-temporada-2024-2025-de-la-lmp","status":"publish","type":"post","link":"https:\/\/elreporterodelacomunidad.com\/index.php\/2025\/09\/03\/stephen-nogosek-de-tomateros-de-culiacan-relevista-del-ano-temporada-2024-2025-de-la-lmp\/","title":{"rendered":"Stephen Nogosek, de Tomateros de Culiac\u00e1n, relevista del a\u00f1o temporada 2024-2025 de la LMP."},"content":{"rendered":"\n<p>Guadalajara, Jalisco a 03 de septiembre de 2025.- El premio a Relevista del A\u00f1o de la Liga Mexicana del Pac\u00edfico, comenz\u00f3 a entregarse en la Temporada 2014-2015, sumando ya un total de 11 ganadores a lo largo de la historia del nuestro circuito.<\/p>\n\n\n\n<p>Ocho diferentes equipos han tenido al mejor brazo que llega desde el bullpen, siendo \u00c1guilas de Mexicali, Tomateros de Culiac\u00e1n y Venados de Mazatl\u00e1n las organizaciones en sumar dos ganadores del trofeo \u201cIsidro M\u00e1rquez\u201d.<\/p>\n\n\n\n<p>\u00danicamente dos peloteros han repetido como el mejor elemento en esta categor\u00eda, el colombiano Elkin Alcal\u00e1, que lo hizo en campa\u00f1as consecutivas con los Venados en las temporadas 2022-2023 y 2023-2024.<\/p>\n\n\n\n<p>El otro jugador en sumar dos premios es Jake S\u00e1nchez, que con los \u00c1guilas de Mexicali se lo llev\u00f3 en la 2016-2017 y en la 2021-2022, sumando adem\u00e1s el trofeo a Jugador M\u00e1s Valioso de esa campa\u00f1a.<\/p>\n\n\n\n<p>Los dos elementos de Tomateros que se llevaron el honor, fueron los norteamericanos Casey Coleman en la 2018-2019 y Stephen Nogosek en la 2024-2025.<\/p>\n\n\n\n<p>Los conjuntos sonorenses de Navojoa, Obreg\u00f3n y Hermosillo tambi\u00e9n han tenido elementos en esta lista. Daniel Moskos lo hizo con Mayos, Samuel Zazueta con Yaquis y Fernando Salas lo logr\u00f3 con Naranjeros.<\/p>\n\n\n\n<p>Finalmente, la lista la completan Brian Broderick, que fue el primer elemento en llevarse el galard\u00f3n con los Charros de Jalisco y Andr\u00e9s \u00c1vila, que se lo adjudic\u00f3 con los Ca\u00f1eros de Los Mochis.<\/p>\n\n\n\n<p>El pr\u00f3ximo mes de enero conoceremos al ganador del Premio al Relevista del A\u00f1o de la Temporada 2025-2026, donde veremos si alg\u00fan elemento repite en este selecto grupo o si un nuevo nombre se suma a la lista de ganadores de este importante premio de la Liga Mexicana del Pac\u00edfico.<\/p>\n\n\n\n<p class=\"has-text-align-center\"><img loading=\"lazy\" decoding=\"async\" width=\"500\" height=\"586\" class=\"wp-image-22441\" style=\"width: 500px;\" src=\"https:\/\/elreporterodelacomunidad.com\/wp-content\/uploads\/2025\/09\/Captura-de-pantalla-2025-09-03-092608.jpg\" alt=\"\" srcset=\"https:\/\/elreporterodelacomunidad.com\/wp-content\/uploads\/2025\/09\/Captura-de-pantalla-2025-09-03-092608.jpg 596w, https:\/\/elreporterodelacomunidad.com\/wp-content\/uploads\/2025\/09\/Captura-de-pantalla-2025-09-03-092608-256x300.jpg 256w\" sizes=\"auto, (max-width: 500px) 100vw, 500px\" \/><\/p>\n","protected":false},"excerpt":{"rendered":"<p>Guadalajara, Jalisco a 03 de septiembre de 2025.- El premio a Relevista del A\u00f1o de la Liga Mexicana del Pac\u00edfico, comenz\u00f3 a entregarse en la Temporada 2014-2015, sumando ya un total de 11 ganadores a lo largo de la historia del nuestro circuito. Ocho diferentes equipos han tenido al mejor brazo que llega desde el [&hellip;]<\/p>\n","protected":false},"author":5,"featured_media":22440,"comment_status":"open","ping_status":"open","sticky":false,"template":"","format":"standard","meta":{"footnotes":""},"categories":[33],"tags":[],"class_list":["post-22439","post","type-post","status-publish","format-standard","has-post-thumbnail","hentry","category-deportes"],"_links":{"self":[{"href":"https:\/\/elreporterodelacomunidad.com\/index.php\/wp-json\/wp\/v2\/posts\/22439","targetHints":{"allow":["GET"]}}],"collection":[{"href":"https:\/\/elreporterodelacomunidad.com\/index.php\/wp-json\/wp\/v2\/posts"}],"about":[{"href":"https:\/\/elreporterodelacomunidad.com\/index.php\/wp-json\/wp\/v2\/types\/post"}],"author":[{"embeddable":true,"href":"https:\/\/elreporterodelacomunidad.com\/index.php\/wp-json\/wp\/v2\/users\/5"}],"replies":[{"embeddable":true,"href":"https:\/\/elreporterodelacomunidad.com\/index.php\/wp-json\/wp\/v2\/comments?post=22439"}],"version-history":[{"count":1,"href":"https:\/\/elreporterodelacomunidad.com\/index.php\/wp-json\/wp\/v2\/posts\/22439\/revisions"}],"predecessor-version":[{"id":22442,"href":"https:\/\/elreporterodelacomunidad.com\/index.php\/wp-json\/wp\/v2\/posts\/22439\/revisions\/22442"}],"wp:featuredmedia":[{"embeddable":true,"href":"https:\/\/elreporterodelacomunidad.com\/index.php\/wp-json\/wp\/v2\/media\/22440"}],"wp:attachment":[{"href":"https:\/\/elreporterodelacomunidad.com\/index.php\/wp-json\/wp\/v2\/media?parent=22439"}],"wp:term":[{"taxonomy":"category","embeddable":true,"href":"https:\/\/elreporterodelacomunidad.com\/index.php\/wp-json\/wp\/v2\/categories?post=22439"},{"taxonomy":"post_tag","embeddable":true,"href":"https:\/\/elreporterodelacomunidad.com\/index.php\/wp-json\/wp\/v2\/tags?post=22439"}],"curies":[{"name":"wp","href":"https:\/\/api.w.org\/{rel}","templated":true}]}}