{"id":224,"date":"2024-05-14T00:00:00","date_gmt":"2024-05-14T07:00:00","guid":{"rendered":"https:\/\/elreporterodelacomunidad.com\/index.php\/2024\/05\/14\/asesinan-a-un-hombre-en-smoke-shop-al-norte-de-hermosillo\/"},"modified":"2024-05-18T21:52:30","modified_gmt":"2024-05-19T04:52:30","slug":"asesinan-a-un-hombre-en-smoke-shop-al-norte-de-hermosillo","status":"publish","type":"post","link":"https:\/\/elreporterodelacomunidad.com\/index.php\/2024\/05\/14\/asesinan-a-un-hombre-en-smoke-shop-al-norte-de-hermosillo\/","title":{"rendered":"Asesinan a un hombre en \u201csmoke shop\u201d al norte de Hermosillo"},"content":{"rendered":"<p class=\"MsoNormal\">Un hombre muerto fue el saldo que dej\u00f3 un ataque armado en una \u201cSmoke Shop\u201d, localizada en una plaza comercial que se ubica sobre la calle Reforma, casi esquina con Jos\u00e9 S. Healy, en la colonia San Benito, al norte de Hermosillo.<\/p>\n<p class=\"MsoNormal\">\n<p class=\"MsoNormal\">Alrededor de las 9:00 horas de este martes, se report\u00f3 al n\u00famero de emergencias (9-1-1) una serie detonaciones de arma de fuego en dicho lugar, por lo que acudieron elementos de la Polic\u00eda Preventiva de Hermosillo como primeros respondientes.<\/p>\n<p class=\"MsoNormal\">Jos\u00e9 \u00c1ngel Rom\u00e1n Rodr\u00edguez, director de la Polic\u00eda Preventiva, indic\u00f3 que el reporte inicial indicaba que dos personas del sexo masculino llegaron a la tienda a pie, y tras ingresar al comercio se escucharon las detonaciones de arma de fuego, y ambos se dieron a la fuga corriendo.<\/p>\n<p class=\"MsoNormal\">\u201cEfectivamente fue un ataque directo hacia la persona que estaba dependiente del negocio\u2026 Hasta ahorita no tenemos informaci\u00f3n de si era empleado o el due\u00f1o, o un contratista del negocio que est\u00e1 en la plaza\u201d, dijo.<\/p>\n<p class=\"MsoNormal\">Hasta el momento, la v\u00edctima no ha sido identificada, pero se estima que tiene entre 30 y 35 a\u00f1os; adem\u00e1s, se tiene constancia de que el ataque se present\u00f3 minutos despu\u00e9s de que abriera la tienda dedicada a la venta de cigarros electr\u00f3nicos, pipas y accesorios para fumar.<\/p>\n<p class=\"MsoNormal\">Asimismo, de manera extraoficial trascendi\u00f3 que los sujetos que llegaron al lugar para quitarle la vida portaban gorras y cubrebocas, para ocultar su identidad, huyendo del sitio con rumbo desconocido a fuerza de carrera.<\/p>\n<p class=\"MsoNormal\">Elementos de la Polic\u00eda Municipal, Secretar\u00eda de la Defensa Nacional (Sedena) y la Agencia Ministerial de Investigaci\u00f3n Criminal (AMIC) de la Fiscal\u00eda General de Justicia del Estado (FGJE), arribaron al lugar para resguardar el per\u00edmetro.<\/p>\n<p class=\"MsoNormal\">Mientras tanto, personal de Servicios Periciales de la Fiscal\u00eda de Sonora arrib\u00f3 al lugar para procesar la escena, mientras que el Servicio M\u00e9dico Forense (Semefo) se encarg\u00f3 del levantamiento del cuerpo para comenzar con las respectivas investigaciones.<\/p>\n","protected":false},"excerpt":{"rendered":"<p>Alrededor de las 9:00 horas de este martes, se report\u00f3 al n\u00famero de emergencias (9-1-1) una serie detonaciones de arma de fuego en dicho lugar.<\/p>\n","protected":false},"author":1,"featured_media":572,"comment_status":"open","ping_status":"open","sticky":false,"template":"","format":"standard","meta":{"footnotes":""},"categories":[29],"tags":[],"class_list":["post-224","post","type-post","status-publish","format-standard","has-post-thumbnail","hentry","category-principalsecundaria"],"_links":{"self":[{"href":"https:\/\/elreporterodelacomunidad.com\/index.php\/wp-json\/wp\/v2\/posts\/224","targetHints":{"allow":["GET"]}}],"collection":[{"href":"https:\/\/elreporterodelacomunidad.com\/index.php\/wp-json\/wp\/v2\/posts"}],"about":[{"href":"https:\/\/elreporterodelacomunidad.com\/index.php\/wp-json\/wp\/v2\/types\/post"}],"author":[{"embeddable":true,"href":"https:\/\/elreporterodelacomunidad.com\/index.php\/wp-json\/wp\/v2\/users\/1"}],"replies":[{"embeddable":true,"href":"https:\/\/elreporterodelacomunidad.com\/index.php\/wp-json\/wp\/v2\/comments?post=224"}],"version-history":[{"count":1,"href":"https:\/\/elreporterodelacomunidad.com\/index.php\/wp-json\/wp\/v2\/posts\/224\/revisions"}],"predecessor-version":[{"id":225,"href":"https:\/\/elreporterodelacomunidad.com\/index.php\/wp-json\/wp\/v2\/posts\/224\/revisions\/225"}],"wp:featuredmedia":[{"embeddable":true,"href":"https:\/\/elreporterodelacomunidad.com\/index.php\/wp-json\/wp\/v2\/media\/572"}],"wp:attachment":[{"href":"https:\/\/elreporterodelacomunidad.com\/index.php\/wp-json\/wp\/v2\/media?parent=224"}],"wp:term":[{"taxonomy":"category","embeddable":true,"href":"https:\/\/elreporterodelacomunidad.com\/index.php\/wp-json\/wp\/v2\/categories?post=224"},{"taxonomy":"post_tag","embeddable":true,"href":"https:\/\/elreporterodelacomunidad.com\/index.php\/wp-json\/wp\/v2\/tags?post=224"}],"curies":[{"name":"wp","href":"https:\/\/api.w.org\/{rel}","templated":true}]}}