{"id":22378,"date":"2025-09-02T13:03:45","date_gmt":"2025-09-02T20:03:45","guid":{"rendered":"https:\/\/elreporterodelacomunidad.com\/?p=22378"},"modified":"2025-09-02T13:03:52","modified_gmt":"2025-09-02T20:03:52","slug":"pesistas-de-sonora-conquistas-11-medallas-en-el-campeonato-nacional-de-primera-fuerza","status":"publish","type":"post","link":"https:\/\/elreporterodelacomunidad.com\/index.php\/2025\/09\/02\/pesistas-de-sonora-conquistas-11-medallas-en-el-campeonato-nacional-de-primera-fuerza\/","title":{"rendered":"Pesistas de Sonora conquistas 11 medallas en el Campeonato Nacional de Primera Fuerza."},"content":{"rendered":"\n<p>El resultado incluy\u00f3 siete preseas de plata y cuatro bronces, en el certamen que se desarroll\u00f3 en Campeche, Campeche.<\/p>\n\n\n\n<p>Hermosillo, Sonora a 02 de septiembre del 2025.- La delegaci\u00f3n sonorense de levantamiento de pesas conquist\u00f3 11 preseas, de las cuales siete fueron de plata y cuatro bronces, en el Campeonato Nacional de Primera Fuerza que se desarroll\u00f3 en Campeche, Campeche, con la presencia de m\u00e1s de 160 pesistas de 20 entidades.<\/p>\n\n\n\n<p>La dupla de Karla Ortiz (63 kilos) y Naomi Montes (48) consiguieron subcampeonatos para Sonora, tras obtener cada una tres medallas plateadas en sus respectivas categor\u00edas. La primera de ella levant\u00f3 94 en arranque y 119 en envi\u00f3n para totalizar 213 kilogramos; la segunda marc\u00f3 un biatl\u00f3n de 143 pues iz\u00f3 65 y 78, respectivamente.<\/p>\n\n\n\n<p>Por su parte Jes\u00fas Enrique Mart\u00ednez (divisi\u00f3n de 88) gan\u00f3 un par de medallas, una de plata y una de bronce. La de segundo sitio la logr\u00f3 en la modalidad de envi\u00f3n, con 178 kilogramos, mientras que el tercer puesto fue en el total tras sopesar 308 kilos; en arranque qued\u00f3 quinto (130).<\/p>\n\n\n\n<p>Las otras tres preseas bronc\u00edneas cayeron gracias a las actuaciones de Daphne Guill\u00e9n (en envi\u00f3n con 114 kilos en la divisi\u00f3n de 63 kilogramos), Derek Acosta (en envi\u00f3n con 130 en los 60) y Jos\u00e9 Rubio Osuna (en arranque con 141 en los 88).<\/p>\n\n\n\n<p>Por lo tanto, despu\u00e9s de los resultados, la Federaci\u00f3n Mexicana de Levantamiento de Pesas seleccion\u00f3 como reserva a Karla Ortiz Petterson, en ruta a armar el equipo mexicano que representar\u00e1 al pa\u00eds en el Campeonato Mundial de Halterofilia de Mayores a celebrarse del 1 al 10 de octubre en Noruega.<\/p>\n\n\n\n<p class=\"has-text-align-center\"><img loading=\"lazy\" decoding=\"async\" width=\"500\" height=\"514\" class=\"wp-image-22380\" style=\"width: 500px;\" src=\"https:\/\/elreporterodelacomunidad.com\/wp-content\/uploads\/2025\/09\/1000742240.jpg\" alt=\"\" srcset=\"https:\/\/elreporterodelacomunidad.com\/wp-content\/uploads\/2025\/09\/1000742240.jpg 900w, https:\/\/elreporterodelacomunidad.com\/wp-content\/uploads\/2025\/09\/1000742240-292x300.jpg 292w, https:\/\/elreporterodelacomunidad.com\/wp-content\/uploads\/2025\/09\/1000742240-768x790.jpg 768w, https:\/\/elreporterodelacomunidad.com\/wp-content\/uploads\/2025\/09\/1000742240-750x772.jpg 750w\" sizes=\"auto, (max-width: 500px) 100vw, 500px\" \/><\/p>\n","protected":false},"excerpt":{"rendered":"<p>El resultado incluy\u00f3 siete preseas de plata y cuatro bronces, en el certamen que se desarroll\u00f3 en Campeche, Campeche. Hermosillo, Sonora a 02 de septiembre del 2025.- La delegaci\u00f3n sonorense de levantamiento de pesas conquist\u00f3 11 preseas, de las cuales siete fueron de plata y cuatro bronces, en el Campeonato Nacional de Primera Fuerza que [&hellip;]<\/p>\n","protected":false},"author":5,"featured_media":22381,"comment_status":"open","ping_status":"open","sticky":false,"template":"","format":"standard","meta":{"footnotes":""},"categories":[33],"tags":[],"class_list":["post-22378","post","type-post","status-publish","format-standard","has-post-thumbnail","hentry","category-deportes"],"_links":{"self":[{"href":"https:\/\/elreporterodelacomunidad.com\/index.php\/wp-json\/wp\/v2\/posts\/22378","targetHints":{"allow":["GET"]}}],"collection":[{"href":"https:\/\/elreporterodelacomunidad.com\/index.php\/wp-json\/wp\/v2\/posts"}],"about":[{"href":"https:\/\/elreporterodelacomunidad.com\/index.php\/wp-json\/wp\/v2\/types\/post"}],"author":[{"embeddable":true,"href":"https:\/\/elreporterodelacomunidad.com\/index.php\/wp-json\/wp\/v2\/users\/5"}],"replies":[{"embeddable":true,"href":"https:\/\/elreporterodelacomunidad.com\/index.php\/wp-json\/wp\/v2\/comments?post=22378"}],"version-history":[{"count":1,"href":"https:\/\/elreporterodelacomunidad.com\/index.php\/wp-json\/wp\/v2\/posts\/22378\/revisions"}],"predecessor-version":[{"id":22382,"href":"https:\/\/elreporterodelacomunidad.com\/index.php\/wp-json\/wp\/v2\/posts\/22378\/revisions\/22382"}],"wp:featuredmedia":[{"embeddable":true,"href":"https:\/\/elreporterodelacomunidad.com\/index.php\/wp-json\/wp\/v2\/media\/22381"}],"wp:attachment":[{"href":"https:\/\/elreporterodelacomunidad.com\/index.php\/wp-json\/wp\/v2\/media?parent=22378"}],"wp:term":[{"taxonomy":"category","embeddable":true,"href":"https:\/\/elreporterodelacomunidad.com\/index.php\/wp-json\/wp\/v2\/categories?post=22378"},{"taxonomy":"post_tag","embeddable":true,"href":"https:\/\/elreporterodelacomunidad.com\/index.php\/wp-json\/wp\/v2\/tags?post=22378"}],"curies":[{"name":"wp","href":"https:\/\/api.w.org\/{rel}","templated":true}]}}