{"id":22354,"date":"2025-09-01T19:05:15","date_gmt":"2025-09-02T02:05:15","guid":{"rendered":"https:\/\/elreporterodelacomunidad.com\/?p=22354"},"modified":"2025-09-01T20:05:35","modified_gmt":"2025-09-02T03:05:35","slug":"durazo-o-sheinbaum-la-disputa-por-la-sucesion-en-sonora","status":"publish","type":"post","link":"https:\/\/elreporterodelacomunidad.com\/index.php\/2025\/09\/01\/durazo-o-sheinbaum-la-disputa-por-la-sucesion-en-sonora\/","title":{"rendered":"\u00bfDurazo o Sheinbaum? La disputa por la sucesi\u00f3n en Sonora."},"content":{"rendered":"\n<p><strong>Columna: Nada Personal.<\/strong><strong><\/strong><\/p>\n\n\n\n<p><strong>Autor: Carlos Alberto Guti\u00e9rrez Celaya.<\/strong><strong><\/strong><\/p>\n\n\n\n<p>Las aguas de la pol\u00edtica sonorense ya est\u00e1n agitadas. Con la sucesi\u00f3n de Alfonso Durazo en el horizonte, las precampa\u00f1as han iniciado de manera anticipada y con ellas la pugna entre dos fuerzas determinantes: la influencia del propio gobernador y el peso que la presidenta Claudia Sheinbaum busca imponer en los estados. La pregunta no es menor: \u00bfqui\u00e9n decidir\u00e1 realmente el futuro pol\u00edtico de Sonora?<\/p>\n\n\n\n<p>En esta lucha, las llamadas <em>corcholatas<\/em> locales muestran un mosaico de perfiles con fortalezas y sombras. Desde Paulina Oca\u00f1a, nieta de Samuel Oca\u00f1a y pieza cercana a Durazo, hasta Javier Lamarque, el alcalde cajemense con respaldo p\u00fablico de Sheinbaum, la lista de aspirantes refleja la tensi\u00f3n entre proyectos pol\u00edticos regionales y alineamientos con el poder federal. Mientras algunos, como Froyl\u00e1n G\u00e1mez y Adolfo Salazar, buscan anclarse en la lealtad al gobernador, otros, como C\u00e9lida L\u00f3pez, cargan con cuestionamientos que los alejan del c\u00edrculo de confianza.<\/p>\n\n\n\n<p>Lo que queda claro es que Morena en Sonora enfrenta un dilema: definir si el pr\u00f3ximo liderazgo emanar\u00e1 del aparato territorial que controla Alfonso Durazo o de la proyecci\u00f3n nacional que pueda delinear Claudia Sheinbaum. El riesgo es que esta disputa interna erosione la cohesi\u00f3n del partido y fragmente los apoyos rumbo al 2027. El gobernador apuesta a impulsar liderazgos j\u00f3venes y disciplinados; la presidenta, en cambio, podr\u00eda privilegiar lealtades construidas en su propio trayecto.<\/p>\n\n\n\n<p>En medio de esta batalla, Sonora corre el riesgo de convertirse en un campo de ensayo para medir qui\u00e9n manda en la 4T: el gobernador en turno o la presidenta en Palacio Nacional. La sucesi\u00f3n, lejos de perfilarse como un relevo ordenado, amenaza con convertirse en un pulso de poder que marcar\u00e1 el rumbo pol\u00edtico del estado en la pr\u00f3xima d\u00e9cada.<\/p>\n\n\n\n<p class=\"has-text-align-center\"><img loading=\"lazy\" decoding=\"async\" width=\"500\" height=\"290\" class=\"wp-image-22357\" style=\"width: 500px;\" src=\"https:\/\/elreporterodelacomunidad.com\/wp-content\/uploads\/2025\/09\/02.jpg\" alt=\"\" srcset=\"https:\/\/elreporterodelacomunidad.com\/wp-content\/uploads\/2025\/09\/02.jpg 518w, https:\/\/elreporterodelacomunidad.com\/wp-content\/uploads\/2025\/09\/02-300x174.jpg 300w\" sizes=\"auto, (max-width: 500px) 100vw, 500px\" \/><\/p>\n\n\n\n<p class=\"has-text-align-center\"><strong>Regreso a clases: inversi\u00f3n hist\u00f3rica o reto estructural.<\/strong><\/p>\n\n\n\n<p>El inicio del ciclo escolar 2025-2026 en Sonora ha sido presentado por el gobernador Alfonso Durazo como un parteaguas en la pol\u00edtica educativa estatal. Con una inversi\u00f3n anunciada de m\u00e1s de 8 mil 600 millones de pesos, uniformes gratuitos, becas y programas de alimentaci\u00f3n, el discurso oficial resalta una transformaci\u00f3n sin precedentes en el sector.<\/p>\n\n\n\n<p>La narrativa, sin duda, es atractiva: cifras hist\u00f3ricas, apoyos masivos y promesas de equidad educativa. Sin embargo, cabe preguntarse si esta derrama de recursos se traduce en una mejora real en la calidad del aprendizaje.<\/p>\n\n\n\n<p>La entrega de uniformes, tabletas, libros y becas cumple una funci\u00f3n social importante, especialmente en un estado con altos \u00edndices de marginaci\u00f3n. Alivia el bolsillo de miles de familias y contribuye a reducir la deserci\u00f3n escolar. No obstante, estos apoyos corren el riesgo de quedarse en lo superficial si no se acompa\u00f1an de un plan s\u00f3lido de formaci\u00f3n docente, infraestructura escolar de calidad y evaluaci\u00f3n constante de resultados.<\/p>\n\n\n\n<p>El gran pendiente sigue siendo la brecha educativa que separa a estudiantes urbanos de los rurales, y a las comunidades ind\u00edgenas de los centros urbanos.<\/p>\n\n\n\n<p>Sonora enfrenta adem\u00e1s un desaf\u00edo de fondo: la necesidad de fortalecer los aprendizajes b\u00e1sicos, en un contexto nacional marcado por la crisis de comprensi\u00f3n lectora y habilidades matem\u00e1ticas. La cobertura y los apoyos son relevantes, pero la verdadera transformaci\u00f3n educativa se mide en salones de clase donde los ni\u00f1os y ni\u00f1as logran aprender, pensar cr\u00edticamente y construir un futuro con herramientas s\u00f3lidas.<\/p>\n\n\n\n<p>Alfonso Durazo presume una inversi\u00f3n hist\u00f3rica, y es innegable que los n\u00fameros son llamativos. Pero m\u00e1s all\u00e1 de los montos, lo que Sonora necesita es que cada peso invertido se traduzca en resultados palpables: escuelas dignas, maestros mejor preparados y estudiantes que no solo tengan uniforme y tablet, sino tambi\u00e9n oportunidades reales de movilidad social a trav\u00e9s de la educaci\u00f3n. Esa ser\u00e1 la verdadera prueba del legado educativo de la llamada transformaci\u00f3n en Sonora.<\/p>\n\n\n\n<p class=\"has-text-align-center\"><img loading=\"lazy\" decoding=\"async\" width=\"500\" height=\"333\" class=\"wp-image-22358\" style=\"width: 500px;\" src=\"https:\/\/elreporterodelacomunidad.com\/wp-content\/uploads\/2025\/09\/03.jpg\" alt=\"\" srcset=\"https:\/\/elreporterodelacomunidad.com\/wp-content\/uploads\/2025\/09\/03.jpg 1600w, https:\/\/elreporterodelacomunidad.com\/wp-content\/uploads\/2025\/09\/03-300x200.jpg 300w, https:\/\/elreporterodelacomunidad.com\/wp-content\/uploads\/2025\/09\/03-1024x682.jpg 1024w, https:\/\/elreporterodelacomunidad.com\/wp-content\/uploads\/2025\/09\/03-768x512.jpg 768w, https:\/\/elreporterodelacomunidad.com\/wp-content\/uploads\/2025\/09\/03-1536x1023.jpg 1536w, https:\/\/elreporterodelacomunidad.com\/wp-content\/uploads\/2025\/09\/03-750x500.jpg 750w, https:\/\/elreporterodelacomunidad.com\/wp-content\/uploads\/2025\/09\/03-1140x760.jpg 1140w\" sizes=\"auto, (max-width: 500px) 100vw, 500px\" \/><\/p>\n\n\n\n<p class=\"has-text-align-center\"><strong>Sonora, protagonista del primer informe de Sheinbaum.<\/strong><\/p>\n\n\n\n<p>En su primer informe de gobierno, la presidenta Claudia Sheinbaum destac\u00f3 a Sonora como un eje clave del Plan M\u00e9xico de Innovaci\u00f3n y Energ\u00edas Sostenibles. Con proyectos como el mini veh\u00edculo el\u00e9ctrico Olinia, el taller Kutsari de dise\u00f1o de semiconductores y la industria de electromovilidad, el estado busca convertirse en un polo de desarrollo tecnol\u00f3gico, vinculado con universidades, investigadores y estudiantes.<\/p>\n\n\n\n<p>En salud, la administraci\u00f3n federal reafirma su compromiso con hospitales del IMSS, ISSSTE e IMSS-Bienestar en Sonora, incluyendo la operaci\u00f3n del hospital de V\u00edcam y la construcci\u00f3n de nuevos centros en Navojoa y San Luis R\u00edo Colorado. La meta es garantizar atenci\u00f3n m\u00e9dica gratuita y de calidad, aunque el reto real ser\u00e1 mantener infraestructura, personal capacitado y servicios eficaces a largo plazo.<\/p>\n\n\n\n<p>Si bien los anuncios son ambiciosos y estrat\u00e9gicos, la verdadera prueba estar\u00e1 en traducir la innovaci\u00f3n y los recursos p\u00fablicos en beneficios tangibles para la poblaci\u00f3n. Sonora, como protagonista de la agenda federal, deber\u00e1 asegurarse de que estos proyectos impacten positivamente en la vida cotidiana de sus ciudadanos y no queden solo en cifras y discursos.<\/p>\n\n\n\n<p><strong>Por hoy es todo, s\u00edgueme en:<\/strong><\/p>\n\n\n\n<p>www.elreporterodelacomunidad.com<\/p>\n\n\n\n<p>Twitter: @elreporteroson y @NPDeportes1<\/p>\n\n\n\n<p>Facebook: El Reportero de la Comunidad y Columna Nada Personal<\/p>\n\n\n\n<p>IG: elreporterodelcomunidad<\/p>\n\n\n\n<p>Tiktok: elreporterodelacomunidad<\/p>\n\n\n\n<p>Whatsapp: 6622217136<\/p>\n","protected":false},"excerpt":{"rendered":"<p>Columna: Nada Personal. Autor: Carlos Alberto Guti\u00e9rrez Celaya. Las aguas de la pol\u00edtica sonorense ya est\u00e1n agitadas. Con la sucesi\u00f3n de Alfonso Durazo en el horizonte, las precampa\u00f1as han iniciado de manera anticipada y con ellas la pugna entre dos fuerzas determinantes: la influencia del propio gobernador y el peso que la presidenta Claudia Sheinbaum [&hellip;]<\/p>\n","protected":false},"author":2,"featured_media":22360,"comment_status":"open","ping_status":"open","sticky":false,"template":"","format":"standard","meta":{"footnotes":""},"categories":[57,47,53,51,50,48,54,29,27,45],"tags":[],"class_list":["post-22354","post","type-post","status-publish","format-standard","has-post-thumbnail","hentry","category-carlos-alberto-gutierrez-celaya","category-columnas","category-editorial","category-elreporterodelacomunidad","category-nadapersonal","category-noticiasdestacadas","category-picandocresta","category-principalsecundaria","category-ultimahora","category-ultimasnoticias"],"_links":{"self":[{"href":"https:\/\/elreporterodelacomunidad.com\/index.php\/wp-json\/wp\/v2\/posts\/22354","targetHints":{"allow":["GET"]}}],"collection":[{"href":"https:\/\/elreporterodelacomunidad.com\/index.php\/wp-json\/wp\/v2\/posts"}],"about":[{"href":"https:\/\/elreporterodelacomunidad.com\/index.php\/wp-json\/wp\/v2\/types\/post"}],"author":[{"embeddable":true,"href":"https:\/\/elreporterodelacomunidad.com\/index.php\/wp-json\/wp\/v2\/users\/2"}],"replies":[{"embeddable":true,"href":"https:\/\/elreporterodelacomunidad.com\/index.php\/wp-json\/wp\/v2\/comments?post=22354"}],"version-history":[{"count":1,"href":"https:\/\/elreporterodelacomunidad.com\/index.php\/wp-json\/wp\/v2\/posts\/22354\/revisions"}],"predecessor-version":[{"id":22359,"href":"https:\/\/elreporterodelacomunidad.com\/index.php\/wp-json\/wp\/v2\/posts\/22354\/revisions\/22359"}],"wp:featuredmedia":[{"embeddable":true,"href":"https:\/\/elreporterodelacomunidad.com\/index.php\/wp-json\/wp\/v2\/media\/22360"}],"wp:attachment":[{"href":"https:\/\/elreporterodelacomunidad.com\/index.php\/wp-json\/wp\/v2\/media?parent=22354"}],"wp:term":[{"taxonomy":"category","embeddable":true,"href":"https:\/\/elreporterodelacomunidad.com\/index.php\/wp-json\/wp\/v2\/categories?post=22354"},{"taxonomy":"post_tag","embeddable":true,"href":"https:\/\/elreporterodelacomunidad.com\/index.php\/wp-json\/wp\/v2\/tags?post=22354"}],"curies":[{"name":"wp","href":"https:\/\/api.w.org\/{rel}","templated":true}]}}