{"id":2232,"date":"2024-02-28T00:00:00","date_gmt":"2024-02-28T07:00:00","guid":{"rendered":"https:\/\/elreporterodelacomunidad.com\/index.php\/2024\/02\/28\/rinden-protesta-ante-congreso-de-sonora-magistrados-del-tja-y-stj\/"},"modified":"2024-02-28T00:00:00","modified_gmt":"2024-02-28T07:00:00","slug":"rinden-protesta-ante-congreso-de-sonora-magistrados-del-tja-y-stj","status":"publish","type":"post","link":"https:\/\/elreporterodelacomunidad.com\/index.php\/2024\/02\/28\/rinden-protesta-ante-congreso-de-sonora-magistrados-del-tja-y-stj\/","title":{"rendered":"Rinden protesta ante Congreso de Sonora magistrados del TJA y STJ"},"content":{"rendered":"<div>Ante el pleno del Congreso de Sonora, este d\u00eda rindieron protesta los ciudadanos Daniel Rodarte Ram\u00edrez y Rosa Dolores L\u00f3pez Carre\u00f3n, a los cargos de magistrados del Tribunal de Justicia Administrativa (TJA) y del Supremo Tribunal de Justicia (STJ), respectivamente, a propuesta del Poder Ejecutivo estatal.<\/div>\n<div><\/div>\n<div>En esta sesi\u00f3n ordinaria, por mayor\u00eda se aprob\u00f3 el dictamen presentado por la Comisi\u00f3n de Hacienda, por el que se autoriza a la Secretar\u00eda de Hacienda estatal para contratar instrumentos de cobertura con el fin de asegurar finanzas p\u00fablicas estables y mitigar el riesgo crediticio asociado a las tasas de inter\u00e9s de la deuda p\u00fablica actualmente contratada por el Gobierno del Estado, de forma multianual, para los ejercicios fiscales 2024 y hasta 2030.<\/div>\n<div><\/div>\n<div>Estas coberturas, seleccionadas por licitaci\u00f3n y que no representan modificaciones a las condiciones de los cr\u00e9ditos ni ampl\u00edan sus plazos, son instrumentos financieros que ofrece la banca comercial con el prop\u00f3sito de proteger al estado de subidas de las tasas de inter\u00e9s.<\/div>\n<div><\/div>\n<div>La Comisi\u00f3n de Hacienda present\u00f3 un segundo dictamen que autoriza al Ayuntamiento de Cajeme para que afecte y otorgue en garant\u00eda de pago las participaciones que en ingresos federales le correspondan, con motivo de incorporaci\u00f3n al Instituto Mexicano del Seguro Social (IMSS), a trabajadores al servicio del Municipio.<\/div>\n<div><\/div>\n<div>Tambi\u00e9n fue aprobado un exhorto dirigido a los titulares de las secretar\u00edas de Salud P\u00fablica y de Educaci\u00f3n y Cultura, con el objeto de que implementen estrategias y programas relacionados con la obesidad, a propuesta de la diputada Ernestina Castro Valenzuela (Morena).<\/div>\n<div><\/div>\n<div>El acuerdo se aprob\u00f3 por unanimidad, al igual que el presentado por la diputada Mar\u00eda Jes\u00fas Castro Urquijo (Morena), mediante el cual el Congreso de Sonora resolvi\u00f3 presentar ante el Congreso de la Uni\u00f3n, proyecto de decreto que reforma y adiciona diversas disposiciones a la Ley Federal del Trabajo, con el objeto de reconocer el derecho para trabajadoras menstruantes de contar con hasta dos d\u00edas de reposo por incapacidad laboral con goce de sueldo y con la posibilidad de desarrollar su trabajo desde casa.<\/div>\n<div><\/div>\n<div>Enseguida aprob\u00f3 el pleno el dictamen del escrito de la C\u00e1mara de Diputados federal por medio del cual remiti\u00f3 a este Poder la minuta con proyecto de Decreto en materia de derechos laborales de personal adscrito a Guardia Nacional.<\/div>\n<div><\/div>\n<div>En el orden del d\u00eda sigui\u00f3 la presentaci\u00f3n de un posicionamiento presentado por el diputado Pr\u00f3spero Valenzuela M\u00fa\u00f1er (Morena), en relaci\u00f3n con el desempe\u00f1o realizado por los titulares del Comit\u00e9 T\u00e9cnico de la Secretar\u00eda de Energ\u00eda, del Fondo del Servicio Universal El\u00e9ctrico y de la Comisi\u00f3n Federal de Electricidad (CFE), con el cual solicit\u00f3 la introducci\u00f3n de la red el\u00e9ctrica en beneficio de la poblaci\u00f3n de las playas Las Bocas, Tojahui, Bachoco y Bajerobeta, localidades ubicadas en el municipio de Huatabampo, Sonora.<\/div>\n<div><\/div>\n<div>Antes de clausurar la sesi\u00f3n y citar para la pr\u00f3xima el martes 5 de marzo, a las 11:00 horas, el pleno aprob\u00f3 la propuesta de la mesa directiva para habilitar el mi\u00e9rcoles 6 para llevar a cabo la sesi\u00f3n que corresponder\u00eda al jueves 7 de marzo.<\/div>\n","protected":false},"excerpt":{"rendered":"<p>Ante el pleno del Congreso de Sonora, este d\u00eda rindieron protesta los ciudadanos Daniel Rodarte Ram\u00edrez y Rosa Dolores L\u00f3pez Carre\u00f3n, a los cargos de magistrados del Tribunal de Justicia Administrativa (TJA) y del Supremo Tribunal de Justicia (STJ), respectivamente, a propuesta del Poder Ejecutivo estatal. En esta sesi\u00f3n ordinaria, por mayor\u00eda se aprob\u00f3 el [&hellip;]<\/p>\n","protected":false},"author":1,"featured_media":2233,"comment_status":"open","ping_status":"open","sticky":false,"template":"","format":"standard","meta":{"footnotes":""},"categories":[39],"tags":[],"class_list":["post-2232","post","type-post","status-publish","format-standard","has-post-thumbnail","hentry","category-politica"],"_links":{"self":[{"href":"https:\/\/elreporterodelacomunidad.com\/index.php\/wp-json\/wp\/v2\/posts\/2232","targetHints":{"allow":["GET"]}}],"collection":[{"href":"https:\/\/elreporterodelacomunidad.com\/index.php\/wp-json\/wp\/v2\/posts"}],"about":[{"href":"https:\/\/elreporterodelacomunidad.com\/index.php\/wp-json\/wp\/v2\/types\/post"}],"author":[{"embeddable":true,"href":"https:\/\/elreporterodelacomunidad.com\/index.php\/wp-json\/wp\/v2\/users\/1"}],"replies":[{"embeddable":true,"href":"https:\/\/elreporterodelacomunidad.com\/index.php\/wp-json\/wp\/v2\/comments?post=2232"}],"version-history":[{"count":0,"href":"https:\/\/elreporterodelacomunidad.com\/index.php\/wp-json\/wp\/v2\/posts\/2232\/revisions"}],"wp:featuredmedia":[{"embeddable":true,"href":"https:\/\/elreporterodelacomunidad.com\/index.php\/wp-json\/wp\/v2\/media\/2233"}],"wp:attachment":[{"href":"https:\/\/elreporterodelacomunidad.com\/index.php\/wp-json\/wp\/v2\/media?parent=2232"}],"wp:term":[{"taxonomy":"category","embeddable":true,"href":"https:\/\/elreporterodelacomunidad.com\/index.php\/wp-json\/wp\/v2\/categories?post=2232"},{"taxonomy":"post_tag","embeddable":true,"href":"https:\/\/elreporterodelacomunidad.com\/index.php\/wp-json\/wp\/v2\/tags?post=2232"}],"curies":[{"name":"wp","href":"https:\/\/api.w.org\/{rel}","templated":true}]}}