{"id":22304,"date":"2025-09-01T08:40:46","date_gmt":"2025-09-01T15:40:46","guid":{"rendered":"https:\/\/elreporterodelacomunidad.com\/?p=22304"},"modified":"2025-09-01T08:40:52","modified_gmt":"2025-09-01T15:40:52","slug":"un-exito-la-cuarta-edicion-de-la-carrera-vaquera-neon-organizada-por-el-gobierno-de-sonora","status":"publish","type":"post","link":"https:\/\/elreporterodelacomunidad.com\/index.php\/2025\/09\/01\/un-exito-la-cuarta-edicion-de-la-carrera-vaquera-neon-organizada-por-el-gobierno-de-sonora\/","title":{"rendered":"Un \u00e9xito la cuarta edici\u00f3n de la Carrera Vaquera Ne\u00f3n organizada por el Gobierno de Sonora."},"content":{"rendered":"\n<p>Hermosillo, Sonora a 31 de agosto del 2025.- La cuarta edici\u00f3n de la Carrera Vaquera Ne\u00f3n fue un rotundo \u00e9xito, consolid\u00e1ndose como una de las actividades m\u00e1s esperadas del a\u00f1o organizada por el Gobierno de Sonora, a trav\u00e9s del Instituto Sonorense de la Juventud (ISJ).<\/p>\n\n\n\n<p>Rebeca Valenzuela \u00c1lvarez, directora general del ISJ, destac\u00f3 que la carrera tiene como prop\u00f3sito principal ofrecer un espacio recreativo para las juventudes y sus familias, promoviendo al mismo tiempo la actividad f\u00edsica, la convivencia y el sentido de comunidad.<\/p>\n\n\n\n<p>El evento, tuvo lugar en el Bosque Urbano La Sauceda y reuni\u00f3 a miles de personas en un ambiente familiar y lleno de energ\u00eda.<\/p>\n\n\n\n<p>\u201cEstamos muy contentos por la gran aceptaci\u00f3n que ha tenido la Carrera Vaquera Ne\u00f3n, que sin importar la lluvia de este s\u00e1bado, las familias asistieron. Esta carrera se ha convertido ya en una tradici\u00f3n para nuestra comunidad\u201d, expres\u00f3.<\/p>\n\n\n\n<p>Este evento marc\u00f3 el cierre del Mes de las Juventudes, que estuvo lleno de actividades como talleres, conferencias, capacitaciones y eventos culturales dirigidos a j\u00f3venes de todo el estado.<br>La Carrera Vaquera Ne\u00f3n cont\u00f3 con m\u00e1s de dos mil 200 registros en sus diferentes categor\u00edas: 3, 5 y 10 kil\u00f3metros, adem\u00e1s de una caminata recreativa pensada para familias, que tambi\u00e9n permiti\u00f3 la participaci\u00f3n de mascotas.<\/p>\n\n\n\n<p>El ambiente fue festivo y lleno de color, con m\u00fasica, luces, toros mec\u00e1nicos y polvos ne\u00f3n, elementos que le dieron un toque \u00fanico a la experiencia y dejaron memorias inolvidables entre los asistentes.<\/p>\n\n\n\n<p class=\"has-text-align-center\"><img loading=\"lazy\" decoding=\"async\" width=\"500\" height=\"333\" class=\"wp-image-22306\" style=\"width: 500px;\" src=\"https:\/\/elreporterodelacomunidad.com\/wp-content\/uploads\/2025\/09\/e6b03490-cc10-4782-809e-cd84aca7743d.jpg\" alt=\"\" srcset=\"https:\/\/elreporterodelacomunidad.com\/wp-content\/uploads\/2025\/09\/e6b03490-cc10-4782-809e-cd84aca7743d.jpg 1280w, https:\/\/elreporterodelacomunidad.com\/wp-content\/uploads\/2025\/09\/e6b03490-cc10-4782-809e-cd84aca7743d-300x200.jpg 300w, https:\/\/elreporterodelacomunidad.com\/wp-content\/uploads\/2025\/09\/e6b03490-cc10-4782-809e-cd84aca7743d-1024x682.jpg 1024w, https:\/\/elreporterodelacomunidad.com\/wp-content\/uploads\/2025\/09\/e6b03490-cc10-4782-809e-cd84aca7743d-768x512.jpg 768w, https:\/\/elreporterodelacomunidad.com\/wp-content\/uploads\/2025\/09\/e6b03490-cc10-4782-809e-cd84aca7743d-750x500.jpg 750w, https:\/\/elreporterodelacomunidad.com\/wp-content\/uploads\/2025\/09\/e6b03490-cc10-4782-809e-cd84aca7743d-1140x760.jpg 1140w\" sizes=\"auto, (max-width: 500px) 100vw, 500px\" \/><\/p>\n","protected":false},"excerpt":{"rendered":"<p>Hermosillo, Sonora a 31 de agosto del 2025.- La cuarta edici\u00f3n de la Carrera Vaquera Ne\u00f3n fue un rotundo \u00e9xito, consolid\u00e1ndose como una de las actividades m\u00e1s esperadas del a\u00f1o organizada por el Gobierno de Sonora, a trav\u00e9s del Instituto Sonorense de la Juventud (ISJ). Rebeca Valenzuela \u00c1lvarez, directora general del ISJ, destac\u00f3 que la [&hellip;]<\/p>\n","protected":false},"author":5,"featured_media":22305,"comment_status":"open","ping_status":"open","sticky":false,"template":"","format":"standard","meta":{"footnotes":""},"categories":[33],"tags":[],"class_list":["post-22304","post","type-post","status-publish","format-standard","has-post-thumbnail","hentry","category-deportes"],"_links":{"self":[{"href":"https:\/\/elreporterodelacomunidad.com\/index.php\/wp-json\/wp\/v2\/posts\/22304","targetHints":{"allow":["GET"]}}],"collection":[{"href":"https:\/\/elreporterodelacomunidad.com\/index.php\/wp-json\/wp\/v2\/posts"}],"about":[{"href":"https:\/\/elreporterodelacomunidad.com\/index.php\/wp-json\/wp\/v2\/types\/post"}],"author":[{"embeddable":true,"href":"https:\/\/elreporterodelacomunidad.com\/index.php\/wp-json\/wp\/v2\/users\/5"}],"replies":[{"embeddable":true,"href":"https:\/\/elreporterodelacomunidad.com\/index.php\/wp-json\/wp\/v2\/comments?post=22304"}],"version-history":[{"count":1,"href":"https:\/\/elreporterodelacomunidad.com\/index.php\/wp-json\/wp\/v2\/posts\/22304\/revisions"}],"predecessor-version":[{"id":22307,"href":"https:\/\/elreporterodelacomunidad.com\/index.php\/wp-json\/wp\/v2\/posts\/22304\/revisions\/22307"}],"wp:featuredmedia":[{"embeddable":true,"href":"https:\/\/elreporterodelacomunidad.com\/index.php\/wp-json\/wp\/v2\/media\/22305"}],"wp:attachment":[{"href":"https:\/\/elreporterodelacomunidad.com\/index.php\/wp-json\/wp\/v2\/media?parent=22304"}],"wp:term":[{"taxonomy":"category","embeddable":true,"href":"https:\/\/elreporterodelacomunidad.com\/index.php\/wp-json\/wp\/v2\/categories?post=22304"},{"taxonomy":"post_tag","embeddable":true,"href":"https:\/\/elreporterodelacomunidad.com\/index.php\/wp-json\/wp\/v2\/tags?post=22304"}],"curies":[{"name":"wp","href":"https:\/\/api.w.org\/{rel}","templated":true}]}}