{"id":22246,"date":"2025-08-29T11:38:01","date_gmt":"2025-08-29T18:38:01","guid":{"rendered":"https:\/\/elreporterodelacomunidad.com\/?p=22246"},"modified":"2025-08-29T11:38:20","modified_gmt":"2025-08-29T18:38:20","slug":"edgar-rivera-estara-en-su-sexto-campeonato-mundial-de-atletismo","status":"publish","type":"post","link":"https:\/\/elreporterodelacomunidad.com\/index.php\/2025\/08\/29\/edgar-rivera-estara-en-su-sexto-campeonato-mundial-de-atletismo\/","title":{"rendered":"\u00c9dgar Rivera estar\u00e1 en su sexto Campeonato Mundial de Atletismo."},"content":{"rendered":"\n<p>El sonorense ver\u00e1 acci\u00f3n en salto de altura como integrante de la delegaci\u00f3n azteca que competir\u00e1 del 13 al 25 de septiembre en Tokio, Jap\u00f3n.<\/p>\n\n\n\n<p>Hermosillo, Sonora, 29 de agosto del 2025.- El saltador de altura sonorense, \u00c9dgar Rivera, consigui\u00f3 el boleto a su sexta participaci\u00f3n en un Campeonato Mundial de Atletismo, ya que estar\u00e1 presente con el seleccionado nacional en la edici\u00f3n de este a\u00f1o a celebrarse en Tokio, Jap\u00f3n.<\/p>\n\n\n\n<p>El originario de Agua Prieta asegur\u00f3 la estancia en la capital nipona a trav\u00e9s del ranking internacional, al encontrarse en el sitio 29 de la lista de los mejores saltadores de altura del planeta en la rama varonil.<\/p>\n\n\n\n<p>Rivera Morales ser\u00e1 parte del seleccionado mexicano de pista y campo que estar\u00e1 formado por 18 competidores, quienes ver\u00e1n acci\u00f3n en el certamen mundialista a celebrarse del 13 al 25 de septiembre en el Estadio Ol\u00edmpico de la capital del pa\u00eds del sol naciente.<\/p>\n\n\n\n<p>Al momento de que \u00c9dgar Alejandro, de 34 a\u00f1os de edad, aparezca en el Campeonato Mundial Tokio 2025, lo har\u00e1 por sexta ocasi\u00f3n, sum\u00e1ndose a las actuaciones en Daegu (China) 2011, Mosc\u00fa (Rusia) 2013, Londres (Inglaterra) 2017, Eugene (Estados Unidos) 2020 y Budapest (Hungr\u00eda) 2023.<\/p>\n\n\n\n<p>De las cinco anteriores presentaciones mundialistas que acumula el tres veces ol\u00edmpico (R\u00edo 2016, Tokio 2020 y Par\u00eds 2024), s\u00f3lo en una de ellas estuvo cerca de subirse al podio, tras finalizar en la cuarta posici\u00f3n en Londres 2017; adem\u00e1s, en el 2025, su mejor salto es de 2.23 metros.<\/p>\n","protected":false},"excerpt":{"rendered":"<p>El sonorense ver\u00e1 acci\u00f3n en salto de altura como integrante de la delegaci\u00f3n azteca que competir\u00e1 del 13 al 25 de septiembre en Tokio, Jap\u00f3n. Hermosillo, Sonora, 29 de agosto del 2025.- El saltador de altura sonorense, \u00c9dgar Rivera, consigui\u00f3 el boleto a su sexta participaci\u00f3n en un Campeonato Mundial de Atletismo, ya que estar\u00e1 [&hellip;]<\/p>\n","protected":false},"author":5,"featured_media":22247,"comment_status":"open","ping_status":"open","sticky":false,"template":"","format":"standard","meta":{"footnotes":""},"categories":[33],"tags":[],"class_list":["post-22246","post","type-post","status-publish","format-standard","has-post-thumbnail","hentry","category-deportes"],"_links":{"self":[{"href":"https:\/\/elreporterodelacomunidad.com\/index.php\/wp-json\/wp\/v2\/posts\/22246","targetHints":{"allow":["GET"]}}],"collection":[{"href":"https:\/\/elreporterodelacomunidad.com\/index.php\/wp-json\/wp\/v2\/posts"}],"about":[{"href":"https:\/\/elreporterodelacomunidad.com\/index.php\/wp-json\/wp\/v2\/types\/post"}],"author":[{"embeddable":true,"href":"https:\/\/elreporterodelacomunidad.com\/index.php\/wp-json\/wp\/v2\/users\/5"}],"replies":[{"embeddable":true,"href":"https:\/\/elreporterodelacomunidad.com\/index.php\/wp-json\/wp\/v2\/comments?post=22246"}],"version-history":[{"count":1,"href":"https:\/\/elreporterodelacomunidad.com\/index.php\/wp-json\/wp\/v2\/posts\/22246\/revisions"}],"predecessor-version":[{"id":22248,"href":"https:\/\/elreporterodelacomunidad.com\/index.php\/wp-json\/wp\/v2\/posts\/22246\/revisions\/22248"}],"wp:featuredmedia":[{"embeddable":true,"href":"https:\/\/elreporterodelacomunidad.com\/index.php\/wp-json\/wp\/v2\/media\/22247"}],"wp:attachment":[{"href":"https:\/\/elreporterodelacomunidad.com\/index.php\/wp-json\/wp\/v2\/media?parent=22246"}],"wp:term":[{"taxonomy":"category","embeddable":true,"href":"https:\/\/elreporterodelacomunidad.com\/index.php\/wp-json\/wp\/v2\/categories?post=22246"},{"taxonomy":"post_tag","embeddable":true,"href":"https:\/\/elreporterodelacomunidad.com\/index.php\/wp-json\/wp\/v2\/tags?post=22246"}],"curies":[{"name":"wp","href":"https:\/\/api.w.org\/{rel}","templated":true}]}}