{"id":22242,"date":"2025-08-29T11:36:18","date_gmt":"2025-08-29T18:36:18","guid":{"rendered":"https:\/\/elreporterodelacomunidad.com\/?p=22242"},"modified":"2025-08-29T11:36:29","modified_gmt":"2025-08-29T18:36:29","slug":"sonora-logra-8-medallas-en-el-torneo-world-archery-mexico-nuevos-valores","status":"publish","type":"post","link":"https:\/\/elreporterodelacomunidad.com\/index.php\/2025\/08\/29\/sonora-logra-8-medallas-en-el-torneo-world-archery-mexico-nuevos-valores\/","title":{"rendered":"Sonora logra 8 medallas en el Torneo &#8220;World Archery M\u00e9xico Nuevos Valores&#8221;."},"content":{"rendered":"\n<p>El certamen tuvo lugar en la Perla Tapat\u00eda en donde los arqueros sonorenses ganaron cuatro oros, una plata y tres bronces.<\/p>\n\n\n\n<p>Hermosillo, Sonora, 29 de agosto del 2025.- El selectivo sonorense de tiro con arco que particip\u00f3 en el torneo nacional \u201cWorld Archery M\u00e9xico Nuevo Valores\u201d demostr\u00f3 una buena punter\u00eda al recolectar 20 medallas: ocho oros, seis platas y otros seis bronces, en Guadalajara, Jalisco, sede del certamen.<\/p>\n\n\n\n<p>Cuatro preseas del m\u00e1ximo color fueron en la modalidad de equipos; una de ellas la obtuvo la tercia de Leonardo Mart\u00ednez, Genaro Valle e Isabella Velarde, quienes ganaron el primer sitio en la categor\u00eda Sub 12 en la modalidad de Mixtos, tras vencer 6-0 en la disputa del oro a un combinado de Chiapas, Ciudad de M\u00e9xico y Nuevo Le\u00f3n.<\/p>\n\n\n\n<p>De la misma forma Sonora domin\u00f3 la competencia de equipos Sub 10 de arco recurvo femenil con Ana Rene\u00e9 Esquer, Paula Isabella Garc\u00eda y Michelle Mouet, adem\u00e1s una medalla de oro m\u00e1s se conquist\u00f3 en la misma categor\u00eda, pero en compuesto mixto, gracias a la actuaci\u00f3n de la terna compuesta por Rotceh Ambriz, Narda Vald\u00e9s y \u00c1ngel Mat\u00edas Flores.<\/p>\n\n\n\n<p>En equipos compartidos, es decir, en donde arqueros sonorenses estuvieron al lado de atletas de otras entidades, Sonora gan\u00f3 un oro, una plata y dos bronces: Lander Alejandro Flores (Sub 12 compuesto) se llev\u00f3 el metal dorado, mientras que la argenta la atesor\u00f3 Osiel Vald\u00e9s (Sub 12 compuesto) y los terceros sitios los consiguieron B\u00e1rbara Salazar Olalde (Sub 12 recurvo) y Emiliano Gonz\u00e1lez (Sub 16 compuesto).<\/p>\n\n\n\n<p>Pasando a medallistas de la Ronda Ol\u00edmpica Individual, Sonora hizo el 1-2 en recurvo Sub 12 varonil: el oro lo gan\u00f3 Leonardo Mart\u00ednez luego de doblegar en la final, mediante flecha de desempate, a su compa\u00f1ero Genaro Valle; con bronces terminaron: Teresa Lileth Acosta (Recurvo Sub 14), Fernanda Guadalupe Rojas (Compuesto Sub 12) y Paula Isabella Garc\u00eda (Recurvo Sub 10 Mixtos).<\/p>\n\n\n\n<p>Cabe destacar que, en la Ronda Clasificatoria Individual, los arqueros sonorenses agregaron ocho metales m\u00e1s, tres oros, cuatro platas y un bronce. Los ganadores de medallas doradas resultaron: Michelle Mouet (Sub 10), Rotceh Ambriz (Sub 10 compuesto) y Genaro Valle (Sub 12 recurvo), mientras que las argentas quedaron en poder de Isabella Garc\u00eda (Sub 10 recurvo), Narda Vald\u00e9s (Sub 10 recurvo), Leonardo Mart\u00ednez (Sub 12 recurvo) y Teresa Lileth Acosta (Sub 14 recurvo); con el metal bronc\u00edneo qued\u00f3 Renata Montijo (Sub 10 compuesto).<\/p>\n\n\n\n<p>En total, en el Torneo Nacional Nuevos Valores de Tiro con Arco, dispararon flechas 223 atletas de 19 entidades, incluyendo 23 arqueros sonorenses (13 mujeres y 10 hombres) que tensaron sus arcos en la Perla Tapat\u00eda.<\/p>\n\n\n\n<p class=\"has-text-align-center\"><img loading=\"lazy\" decoding=\"async\" width=\"500\" height=\"333\" class=\"wp-image-22244\" style=\"width: 500px;\" src=\"https:\/\/elreporterodelacomunidad.com\/wp-content\/uploads\/2025\/08\/1000737504.jpg\" alt=\"\" srcset=\"https:\/\/elreporterodelacomunidad.com\/wp-content\/uploads\/2025\/08\/1000737504.jpg 1200w, https:\/\/elreporterodelacomunidad.com\/wp-content\/uploads\/2025\/08\/1000737504-300x200.jpg 300w, https:\/\/elreporterodelacomunidad.com\/wp-content\/uploads\/2025\/08\/1000737504-1024x681.jpg 1024w, https:\/\/elreporterodelacomunidad.com\/wp-content\/uploads\/2025\/08\/1000737504-768x511.jpg 768w, https:\/\/elreporterodelacomunidad.com\/wp-content\/uploads\/2025\/08\/1000737504-750x499.jpg 750w, https:\/\/elreporterodelacomunidad.com\/wp-content\/uploads\/2025\/08\/1000737504-1140x758.jpg 1140w\" sizes=\"auto, (max-width: 500px) 100vw, 500px\" \/><\/p>\n","protected":false},"excerpt":{"rendered":"<p>El certamen tuvo lugar en la Perla Tapat\u00eda en donde los arqueros sonorenses ganaron cuatro oros, una plata y tres bronces. Hermosillo, Sonora, 29 de agosto del 2025.- El selectivo sonorense de tiro con arco que particip\u00f3 en el torneo nacional \u201cWorld Archery M\u00e9xico Nuevo Valores\u201d demostr\u00f3 una buena punter\u00eda al recolectar 20 medallas: ocho [&hellip;]<\/p>\n","protected":false},"author":5,"featured_media":22243,"comment_status":"open","ping_status":"open","sticky":false,"template":"","format":"standard","meta":{"footnotes":""},"categories":[33],"tags":[],"class_list":["post-22242","post","type-post","status-publish","format-standard","has-post-thumbnail","hentry","category-deportes"],"_links":{"self":[{"href":"https:\/\/elreporterodelacomunidad.com\/index.php\/wp-json\/wp\/v2\/posts\/22242","targetHints":{"allow":["GET"]}}],"collection":[{"href":"https:\/\/elreporterodelacomunidad.com\/index.php\/wp-json\/wp\/v2\/posts"}],"about":[{"href":"https:\/\/elreporterodelacomunidad.com\/index.php\/wp-json\/wp\/v2\/types\/post"}],"author":[{"embeddable":true,"href":"https:\/\/elreporterodelacomunidad.com\/index.php\/wp-json\/wp\/v2\/users\/5"}],"replies":[{"embeddable":true,"href":"https:\/\/elreporterodelacomunidad.com\/index.php\/wp-json\/wp\/v2\/comments?post=22242"}],"version-history":[{"count":1,"href":"https:\/\/elreporterodelacomunidad.com\/index.php\/wp-json\/wp\/v2\/posts\/22242\/revisions"}],"predecessor-version":[{"id":22245,"href":"https:\/\/elreporterodelacomunidad.com\/index.php\/wp-json\/wp\/v2\/posts\/22242\/revisions\/22245"}],"wp:featuredmedia":[{"embeddable":true,"href":"https:\/\/elreporterodelacomunidad.com\/index.php\/wp-json\/wp\/v2\/media\/22243"}],"wp:attachment":[{"href":"https:\/\/elreporterodelacomunidad.com\/index.php\/wp-json\/wp\/v2\/media?parent=22242"}],"wp:term":[{"taxonomy":"category","embeddable":true,"href":"https:\/\/elreporterodelacomunidad.com\/index.php\/wp-json\/wp\/v2\/categories?post=22242"},{"taxonomy":"post_tag","embeddable":true,"href":"https:\/\/elreporterodelacomunidad.com\/index.php\/wp-json\/wp\/v2\/tags?post=22242"}],"curies":[{"name":"wp","href":"https:\/\/api.w.org\/{rel}","templated":true}]}}