{"id":22239,"date":"2025-08-29T11:33:52","date_gmt":"2025-08-29T18:33:52","guid":{"rendered":"https:\/\/elreporterodelacomunidad.com\/?p=22239"},"modified":"2025-08-29T11:33:57","modified_gmt":"2025-08-29T18:33:57","slug":"presenta-naranjeros-el-jersey-identity","status":"publish","type":"post","link":"https:\/\/elreporterodelacomunidad.com\/index.php\/2025\/08\/29\/presenta-naranjeros-el-jersey-identity\/","title":{"rendered":"Presenta Naranjeros el jersey \u201cIdentity\u201d."},"content":{"rendered":"\n<p>Naranjeros da a conocer su primer jersey de cara a la nueva temporada, el jersey \u201cIdentity\u201d.<\/p>\n\n\n\n<p>Hermosillo, Sonora a 29 de agosto de 2025.- Los Naranjeros de Hermosillo presentan su primer jersey de la colecci\u00f3n 2025-2026 este d\u00eda, el esperado jersey Naranja para la pr\u00f3xima temporada, el dise\u00f1o \u201cIdentity\u201d se distingue por ser de color naranja con vivos en negro.<\/p>\n\n\n\n<p>La Escuadra Naranja da a conocer el jersey \u201cIdentity\u201d que se por un dise\u00f1o donde predomina el color Naranja, el nombre de Naranjeros aparece en el pecho con letras en color negro.<\/p>\n\n\n\n<p>En la manga izquierda del jersey destaca el logo de la Escuadra Naranja y tiene un vivo en negro en la parte inferior de la misma.<\/p>\n\n\n\n<p>Este jersey ser\u00e1 vestido con un pantal\u00f3n de color Naranja recordando el estilo de uniformes utilizados por el equipo en la d\u00e9cada de los 70\u00b4s.<\/p>\n\n\n\n<p>El nuevo jersey \u201cIdentity\u201d estar\u00e1 disponible para su venta en las tiendas oficiales de Naranjeros en Plaza Dila, Plaza Girasol y el Aeropuerto Internacional de Hermosillo, as\u00ed como en la tienda en l\u00ednea, no dejes pasar la oportunidad de vestir como los Naranjeros con el nuevo jersey \u201cIdentity\u201d.<\/p>\n","protected":false},"excerpt":{"rendered":"<p>Naranjeros da a conocer su primer jersey de cara a la nueva temporada, el jersey \u201cIdentity\u201d. Hermosillo, Sonora a 29 de agosto de 2025.- Los Naranjeros de Hermosillo presentan su primer jersey de la colecci\u00f3n 2025-2026 este d\u00eda, el esperado jersey Naranja para la pr\u00f3xima temporada, el dise\u00f1o \u201cIdentity\u201d se distingue por ser de color [&hellip;]<\/p>\n","protected":false},"author":5,"featured_media":22240,"comment_status":"open","ping_status":"open","sticky":false,"template":"","format":"standard","meta":{"footnotes":""},"categories":[33],"tags":[],"class_list":["post-22239","post","type-post","status-publish","format-standard","has-post-thumbnail","hentry","category-deportes"],"_links":{"self":[{"href":"https:\/\/elreporterodelacomunidad.com\/index.php\/wp-json\/wp\/v2\/posts\/22239","targetHints":{"allow":["GET"]}}],"collection":[{"href":"https:\/\/elreporterodelacomunidad.com\/index.php\/wp-json\/wp\/v2\/posts"}],"about":[{"href":"https:\/\/elreporterodelacomunidad.com\/index.php\/wp-json\/wp\/v2\/types\/post"}],"author":[{"embeddable":true,"href":"https:\/\/elreporterodelacomunidad.com\/index.php\/wp-json\/wp\/v2\/users\/5"}],"replies":[{"embeddable":true,"href":"https:\/\/elreporterodelacomunidad.com\/index.php\/wp-json\/wp\/v2\/comments?post=22239"}],"version-history":[{"count":1,"href":"https:\/\/elreporterodelacomunidad.com\/index.php\/wp-json\/wp\/v2\/posts\/22239\/revisions"}],"predecessor-version":[{"id":22241,"href":"https:\/\/elreporterodelacomunidad.com\/index.php\/wp-json\/wp\/v2\/posts\/22239\/revisions\/22241"}],"wp:featuredmedia":[{"embeddable":true,"href":"https:\/\/elreporterodelacomunidad.com\/index.php\/wp-json\/wp\/v2\/media\/22240"}],"wp:attachment":[{"href":"https:\/\/elreporterodelacomunidad.com\/index.php\/wp-json\/wp\/v2\/media?parent=22239"}],"wp:term":[{"taxonomy":"category","embeddable":true,"href":"https:\/\/elreporterodelacomunidad.com\/index.php\/wp-json\/wp\/v2\/categories?post=22239"},{"taxonomy":"post_tag","embeddable":true,"href":"https:\/\/elreporterodelacomunidad.com\/index.php\/wp-json\/wp\/v2\/tags?post=22239"}],"curies":[{"name":"wp","href":"https:\/\/api.w.org\/{rel}","templated":true}]}}