{"id":22220,"date":"2025-08-28T15:48:50","date_gmt":"2025-08-28T22:48:50","guid":{"rendered":"https:\/\/elreporterodelacomunidad.com\/?p=22220"},"modified":"2025-08-28T15:48:54","modified_gmt":"2025-08-28T22:48:54","slug":"invita-isj-a-participar-en-la-cuarta-edicion-de-la-carrera-vaquera-neon","status":"publish","type":"post","link":"https:\/\/elreporterodelacomunidad.com\/index.php\/2025\/08\/28\/invita-isj-a-participar-en-la-cuarta-edicion-de-la-carrera-vaquera-neon\/","title":{"rendered":"Invita ISJ a participar en la cuarta edici\u00f3n de la Carrera Vaquera Ne\u00f3n."},"content":{"rendered":"\n<p>Hermosillo, Sonora; 28 de agosto de 2025.- El Gobierno&nbsp;de Sonora, a trav\u00e9s del Instituto Sonorense de la Juventud (ISJ), invita a la ciudadan\u00eda a sumarse a la cuarta edici\u00f3n de la Carrera Vaquera Ne\u00f3n, un evento recreativo y familiar que busca fomentar el deporte y la convivencia.<\/p>\n\n\n\n<p>La carrera se llevar\u00e1 a cabo el s\u00e1bado 30 de agosto, a las 7:00 p.m., en el Bosque Urbano de La Sauceda, donde se instalar\u00e1 el punto de salida. El ambiente estar\u00e1 lleno de m\u00fasica, luces y polvos ne\u00f3n que dar\u00e1n un toque festivo y colorido a la experiencia.<\/p>\n\n\n\n<p>Rebeca Valenzuela \u00c1lvarez, directora general del ISJ, inform\u00f3 que este a\u00f1o la carrera contar\u00e1 con tres categor\u00edas: 3, 5 y 10 kil\u00f3metros, adem\u00e1s de una caminata recreativa para familias, la cual podr\u00e1 realizarse en compa\u00f1\u00eda de mascotas.<\/p>\n\n\n\n<p>\u201cEstamos muy contentos de realizar una vez m\u00e1s la Carrera Vaquera Ne\u00f3n, un espacio de sano esparcimiento donde buscamos que las familias se ejerciten, pero tambi\u00e9n que convivan, se diviertan y disfruten juntas\u201d, expres\u00f3 Valenzuela \u00c1lvarez.<\/p>\n\n\n\n<p>El registro es completamente gratuito y se puede realizar a trav\u00e9s del enlace: bio.link\/isjuventud.<\/p>\n\n\n\n<p>Adem\u00e1s, las primeras 800 personas registradas que acudan a las oficinas del ISJ los d\u00edas 28 y 29 de agosto en un horario de 8:00 a 15:00 horas recibir\u00e1n un kit con playera, polvos ne\u00f3n y n\u00famero de participaci\u00f3n, a cambio de la donaci\u00f3n de un kilo de alimentos no perecederos.<\/p>\n\n\n\n<p class=\"has-text-align-center\"><img loading=\"lazy\" decoding=\"async\" width=\"500\" height=\"625\" class=\"wp-image-22222\" style=\"width: 500px;\" src=\"https:\/\/elreporterodelacomunidad.com\/wp-content\/uploads\/2025\/08\/WhatsApp-Image-2025-08-28-at-3.12.10-PM.jpeg\" alt=\"\" srcset=\"https:\/\/elreporterodelacomunidad.com\/wp-content\/uploads\/2025\/08\/WhatsApp-Image-2025-08-28-at-3.12.10-PM.jpeg 1080w, https:\/\/elreporterodelacomunidad.com\/wp-content\/uploads\/2025\/08\/WhatsApp-Image-2025-08-28-at-3.12.10-PM-240x300.jpeg 240w, https:\/\/elreporterodelacomunidad.com\/wp-content\/uploads\/2025\/08\/WhatsApp-Image-2025-08-28-at-3.12.10-PM-819x1024.jpeg 819w, https:\/\/elreporterodelacomunidad.com\/wp-content\/uploads\/2025\/08\/WhatsApp-Image-2025-08-28-at-3.12.10-PM-768x960.jpeg 768w, https:\/\/elreporterodelacomunidad.com\/wp-content\/uploads\/2025\/08\/WhatsApp-Image-2025-08-28-at-3.12.10-PM-750x938.jpeg 750w\" sizes=\"auto, (max-width: 500px) 100vw, 500px\" \/><\/p>\n","protected":false},"excerpt":{"rendered":"<p>Hermosillo, Sonora; 28 de agosto de 2025.- El Gobierno&nbsp;de Sonora, a trav\u00e9s del Instituto Sonorense de la Juventud (ISJ), invita a la ciudadan\u00eda a sumarse a la cuarta edici\u00f3n de la Carrera Vaquera Ne\u00f3n, un evento recreativo y familiar que busca fomentar el deporte y la convivencia. La carrera se llevar\u00e1 a cabo el s\u00e1bado [&hellip;]<\/p>\n","protected":false},"author":5,"featured_media":22221,"comment_status":"open","ping_status":"open","sticky":false,"template":"","format":"standard","meta":{"footnotes":""},"categories":[33],"tags":[],"class_list":["post-22220","post","type-post","status-publish","format-standard","has-post-thumbnail","hentry","category-deportes"],"_links":{"self":[{"href":"https:\/\/elreporterodelacomunidad.com\/index.php\/wp-json\/wp\/v2\/posts\/22220","targetHints":{"allow":["GET"]}}],"collection":[{"href":"https:\/\/elreporterodelacomunidad.com\/index.php\/wp-json\/wp\/v2\/posts"}],"about":[{"href":"https:\/\/elreporterodelacomunidad.com\/index.php\/wp-json\/wp\/v2\/types\/post"}],"author":[{"embeddable":true,"href":"https:\/\/elreporterodelacomunidad.com\/index.php\/wp-json\/wp\/v2\/users\/5"}],"replies":[{"embeddable":true,"href":"https:\/\/elreporterodelacomunidad.com\/index.php\/wp-json\/wp\/v2\/comments?post=22220"}],"version-history":[{"count":1,"href":"https:\/\/elreporterodelacomunidad.com\/index.php\/wp-json\/wp\/v2\/posts\/22220\/revisions"}],"predecessor-version":[{"id":22223,"href":"https:\/\/elreporterodelacomunidad.com\/index.php\/wp-json\/wp\/v2\/posts\/22220\/revisions\/22223"}],"wp:featuredmedia":[{"embeddable":true,"href":"https:\/\/elreporterodelacomunidad.com\/index.php\/wp-json\/wp\/v2\/media\/22221"}],"wp:attachment":[{"href":"https:\/\/elreporterodelacomunidad.com\/index.php\/wp-json\/wp\/v2\/media?parent=22220"}],"wp:term":[{"taxonomy":"category","embeddable":true,"href":"https:\/\/elreporterodelacomunidad.com\/index.php\/wp-json\/wp\/v2\/categories?post=22220"},{"taxonomy":"post_tag","embeddable":true,"href":"https:\/\/elreporterodelacomunidad.com\/index.php\/wp-json\/wp\/v2\/tags?post=22220"}],"curies":[{"name":"wp","href":"https:\/\/api.w.org\/{rel}","templated":true}]}}