{"id":22117,"date":"2025-08-25T20:52:49","date_gmt":"2025-08-26T03:52:49","guid":{"rendered":"https:\/\/elreporterodelacomunidad.com\/?p=22117"},"modified":"2025-08-25T20:52:52","modified_gmt":"2025-08-26T03:52:52","slug":"realizaran-primera-clinica-de-futbol-de-la-fundacion-real-madrid-en-sonora","status":"publish","type":"post","link":"https:\/\/elreporterodelacomunidad.com\/index.php\/2025\/08\/25\/realizaran-primera-clinica-de-futbol-de-la-fundacion-real-madrid-en-sonora\/","title":{"rendered":"Realizar\u00e1n primera cl\u00ednica de futbol de la Fundaci\u00f3n Real Madrid en Sonora."},"content":{"rendered":"\n<p>Hermosillo, Sonora a 25 de agosto de 2025.- La Fundaci\u00f3n Real Madrid realizar\u00e1 por primera vez en Sonora sus cl\u00ednicas de futbol para ni\u00f1os y j\u00f3venes, en los municipios de Hermosillo y San Luis R\u00edo Colorado el pr\u00f3ximo mes de septiembre.<\/p>\n\n\n\n<p>La coordinadora de la fundaci\u00f3n en la entidad, Adriana Ram\u00edrez, inform\u00f3 que las practicas ser\u00e1n en un lapso de cinco d\u00edas en cada ciudad, del 22 al 26 de septiembre en SLRC y del 29 de septiembre al 3 de octubre en Hermosillo.<\/p>\n\n\n\n<p>Se\u00f1al\u00f3 que los cursos tendr\u00e1n un costro de $6,000 pesos por persona y contar\u00e1 con categor\u00edas desde nacidos den 2008 hasta 2019. Coment\u00f3 que los sitios elegidos son la Unidad Deportiva Ley 57 en la capital, mientras que en San Luis R\u00edo Colorado se utilizar\u00e1 el campo de futbol del Parque Revoluci\u00f3n.<\/p>\n\n\n\n<p>\u201cTodos los d\u00edas, de lunes a viernes, se trabajar\u00e1 un valor diferente, como el compa\u00f1erismo, trabajo en equipo, el respeto, junto con el entrenamiento que se trata de ser lo m\u00e1s personalizado posible para que ese ni\u00f1o tenga la mejor experiencia\u201d, declar\u00f3.<\/p>\n\n\n\n<p>Por su parte, el presidente de Soles de Sonora, Rogelio Cota, expres\u00f3 que esta es una gran oportunidad para los jugadores del estado tengan la oportunidad de formar parte de una de las instituciones m\u00e1s prestigiosas del mundo.<\/p>\n\n\n\n<p>\u201cEn 2023 nos invitan a una cl\u00ednica del Real Madrid que se hac\u00eda solamente en un lugar de la Rep\u00fablica Mexicana, era en Canc\u00fan, obviamente una experiencia muy interesante, que combina tanto el turismo como la parte deportiva y se arma muy buena metodolog\u00eda de trabajo que viene el Real Madrid\u201d, concluy\u00f3.<\/p>\n\n\n\n<p class=\"has-text-align-center\"><img loading=\"lazy\" decoding=\"async\" width=\"500\" height=\"316\" class=\"wp-image-22119\" style=\"width: 500px;\" src=\"https:\/\/elreporterodelacomunidad.com\/wp-content\/uploads\/2025\/08\/788fb147-f5ea-4e9e-bb62-8756314215e9.jpg\" alt=\"\" srcset=\"https:\/\/elreporterodelacomunidad.com\/wp-content\/uploads\/2025\/08\/788fb147-f5ea-4e9e-bb62-8756314215e9.jpg 1600w, https:\/\/elreporterodelacomunidad.com\/wp-content\/uploads\/2025\/08\/788fb147-f5ea-4e9e-bb62-8756314215e9-300x189.jpg 300w, https:\/\/elreporterodelacomunidad.com\/wp-content\/uploads\/2025\/08\/788fb147-f5ea-4e9e-bb62-8756314215e9-1024x646.jpg 1024w, https:\/\/elreporterodelacomunidad.com\/wp-content\/uploads\/2025\/08\/788fb147-f5ea-4e9e-bb62-8756314215e9-768x485.jpg 768w, https:\/\/elreporterodelacomunidad.com\/wp-content\/uploads\/2025\/08\/788fb147-f5ea-4e9e-bb62-8756314215e9-1536x970.jpg 1536w, https:\/\/elreporterodelacomunidad.com\/wp-content\/uploads\/2025\/08\/788fb147-f5ea-4e9e-bb62-8756314215e9-750x473.jpg 750w, https:\/\/elreporterodelacomunidad.com\/wp-content\/uploads\/2025\/08\/788fb147-f5ea-4e9e-bb62-8756314215e9-1140x720.jpg 1140w\" sizes=\"auto, (max-width: 500px) 100vw, 500px\" \/><\/p>\n","protected":false},"excerpt":{"rendered":"<p>Hermosillo, Sonora a 25 de agosto de 2025.- La Fundaci\u00f3n Real Madrid realizar\u00e1 por primera vez en Sonora sus cl\u00ednicas de futbol para ni\u00f1os y j\u00f3venes, en los municipios de Hermosillo y San Luis R\u00edo Colorado el pr\u00f3ximo mes de septiembre. La coordinadora de la fundaci\u00f3n en la entidad, Adriana Ram\u00edrez, inform\u00f3 que las practicas [&hellip;]<\/p>\n","protected":false},"author":5,"featured_media":22118,"comment_status":"open","ping_status":"open","sticky":false,"template":"","format":"standard","meta":{"footnotes":""},"categories":[33],"tags":[],"class_list":["post-22117","post","type-post","status-publish","format-standard","has-post-thumbnail","hentry","category-deportes"],"_links":{"self":[{"href":"https:\/\/elreporterodelacomunidad.com\/index.php\/wp-json\/wp\/v2\/posts\/22117","targetHints":{"allow":["GET"]}}],"collection":[{"href":"https:\/\/elreporterodelacomunidad.com\/index.php\/wp-json\/wp\/v2\/posts"}],"about":[{"href":"https:\/\/elreporterodelacomunidad.com\/index.php\/wp-json\/wp\/v2\/types\/post"}],"author":[{"embeddable":true,"href":"https:\/\/elreporterodelacomunidad.com\/index.php\/wp-json\/wp\/v2\/users\/5"}],"replies":[{"embeddable":true,"href":"https:\/\/elreporterodelacomunidad.com\/index.php\/wp-json\/wp\/v2\/comments?post=22117"}],"version-history":[{"count":1,"href":"https:\/\/elreporterodelacomunidad.com\/index.php\/wp-json\/wp\/v2\/posts\/22117\/revisions"}],"predecessor-version":[{"id":22120,"href":"https:\/\/elreporterodelacomunidad.com\/index.php\/wp-json\/wp\/v2\/posts\/22117\/revisions\/22120"}],"wp:featuredmedia":[{"embeddable":true,"href":"https:\/\/elreporterodelacomunidad.com\/index.php\/wp-json\/wp\/v2\/media\/22118"}],"wp:attachment":[{"href":"https:\/\/elreporterodelacomunidad.com\/index.php\/wp-json\/wp\/v2\/media?parent=22117"}],"wp:term":[{"taxonomy":"category","embeddable":true,"href":"https:\/\/elreporterodelacomunidad.com\/index.php\/wp-json\/wp\/v2\/categories?post=22117"},{"taxonomy":"post_tag","embeddable":true,"href":"https:\/\/elreporterodelacomunidad.com\/index.php\/wp-json\/wp\/v2\/tags?post=22117"}],"curies":[{"name":"wp","href":"https:\/\/api.w.org\/{rel}","templated":true}]}}