{"id":2202,"date":"2024-02-29T00:00:00","date_gmt":"2024-02-29T07:00:00","guid":{"rendered":"https:\/\/elreporterodelacomunidad.com\/index.php\/2024\/02\/29\/toman-protesta-a-integrantes-de-la-red-juventud-popular-en-sonora\/"},"modified":"2024-05-18T22:35:13","modified_gmt":"2024-05-19T05:35:13","slug":"toman-protesta-a-integrantes-de-la-red-juventud-popular-en-sonora","status":"publish","type":"post","link":"https:\/\/elreporterodelacomunidad.com\/index.php\/2024\/02\/29\/toman-protesta-a-integrantes-de-la-red-juventud-popular-en-sonora\/","title":{"rendered":"Toman protesta a integrantes de la Red Juventud Popular en Sonora"},"content":{"rendered":"<div>&nbsp;Con el prop\u00f3sito de fortalecer los espacios para escuchar el pensamiento y la \u2018Propuesta Joven\u2019 en Sonora, se tom\u00f3 protesta a quienes integran la Red de Juventud Popular (JP) adherida a la Confederaci\u00f3n Nacional de Organizaciones Populares (CNOP) Sonora.<\/div>\n<div><\/div>\n<div>Sara Thomson, dirigente estatal de la CNOP, destac\u00f3 la importancia de proporcionar el espacio para el dialogo para j\u00f3venes que, con ideas novedosas, puedan fortalecer la propuesta del priismo en Sonora.<\/div>\n<div><\/div>\n<div>\u201cEn el marco del festejo del d\u00eda de la bandera mexicana, marcamos una fecha memorable en la historia de estos j\u00f3venes que comienzan su carrera pol\u00edtica en las filas de la JP y la CNOP, para que junto a ellos logremos redoblar la fuerza de nuestro partido en Sonora\u201d, resalt\u00f3.<\/div>\n<div><\/div>\n<div><\/div>\n<div>El presidente del Partido Revolucionario Institucional (PRI) Sonora, Rogelio D\u00edaz Brown pidi\u00f3 a quienes toman protesta a llegar a m\u00e1s j\u00f3venes, a demostrarles con hechos y trabajo que las juventudes tienen un papel importante en la pol\u00edtica del pa\u00eds y que no pueden ser ajenos a lo que se vive.<\/div>\n<div><\/div>\n<div>\u201cHay que llevarles el mensaje a los dem\u00e1s j\u00f3venes, apenas a ustedes los van a escuchar, no es momento y no es posible decir que no les puede importar la pol\u00edtica, por lo que han escuchado o han vivido. Si t\u00fa no participas en pol\u00edtica, la pol\u00edtica te alcanza, tienen que sumarse para entender de pol\u00edtica e ir formando el ejercicio de la pol\u00edtica y ser en un futuro quienes vayan a las posiciones importantes de gobierno en este pa\u00eds\u201d, enfatiz\u00f3 el dirigente priista.<\/div>\n<div><\/div>\n<div>La diputada federal y l\u00edder nacional de la Red de Juventud Popular, Fuensanta Guerrero realiz\u00f3 la toma de protesta a quienes integran la Red en Sonora: Jes\u00fas Gilberto Otero Valenzuela, como dirigente estatal de la JP; Ulises Crist\u00f3pulos Olvera, dirigente en Hermosillo de la JP; Dulce Valeria Rivera Gallegos, secretaria general de la JP Hermosillo; y, Jes\u00fas Paz Soto, dirigente municipal de la JP en Cajeme.<\/div>\n<div><\/div>\n<div>Les record\u00f3 que son los j\u00f3venes quienes podr\u00e1n dar lo que la sociedad necesita, \u201casumamos nuestra responsabilidad, estamos jug\u00e1ndonos el todo por el todo y vamos a ganar\u201d, enfatiz\u00f3.<\/div>\n<div><\/div>\n<div>\u201cVeo j\u00f3venes que me dan mucho \u00e1nimo, tomando protesta en el sector popular el D\u00eda de nuestra Bandera\u201d, destac\u00f3 Ernesto \u201cBorrego\u201d G\u00e1ndara Camou, candidato a diputado federal, quien reconoci\u00f3 el entusiasmo y la convicci\u00f3n con la que los j\u00f3venes se suman a las filas del PRI y la CNOP.<\/div>\n<div><\/div>\n<div>Los integrantes de la Red de Juventud Popular asumieron sus nuevas responsabilidades con el compromiso de realizar un trabajo apegado a las convicciones del PRI en Sonora.<\/div>\n<div><\/div>\n<div>\u201cSomos nosotros los j\u00f3venes, sobre todo aquellos que est\u00e1n hundidos en la apat\u00eda que si no participan esto se va repitiendo y al grado de que se vuelve como una especie de avalancha en donde la participaci\u00f3n dentro de las elecciones ya est\u00e1 bajando del 40%, al rumbo que lleva es que va a llegar al l\u00edmite legal del 20% y \u00bfqu\u00e9 va a haber? Causas graves que pudimos evitar los j\u00f3venes\u201d, asever\u00f3 Jes\u00fas Otero, dirigente de la JP en Sonora.<\/div>\n<div><\/div>\n<div>\u201cMe comprometo a hacer de la Juventud Popular en Hermosillo un espacio seguro para los j\u00f3venes, a escuchar a todos los j\u00f3venes, sus proyectos e ideas y solidarizarme con ellas, buscar siempre el bienestar en com\u00fan y que todos los j\u00f3venes se sientan valorados y respetados, me comprometo a dar libertad y abrir nuevas ideas, los invito a tomar acci\u00f3n, a este llamado al cambio para la construcci\u00f3n de un futuro mejor\u201d, indic\u00f3 el l\u00edder la JP en Hermosillo, Ulises Crist\u00f3pulos Olvera.<\/div>\n<div><\/div>\n<div>Previo a la toma de protesta se desarrollaron las mesas de discusi\u00f3n: Reformas en M\u00e9xico, Distintivo par la atracci\u00f3n de inversi\u00f3n, Marco Jur\u00eddico y Econom\u00eda y la agenda 2030.<\/div>\n<div><\/div>\n<div>Asimismo, se tom\u00f3 protesta a Hip\u00f3lito Pe\u00f1a Ha\u00e1z, como dirigente del Movimiento de Profesionistas y T\u00e9cnicos en Sonora y a Manuel Carlos Teon Olachea como secretario t\u00e9cnico de la Oficina de la Secretar\u00eda General de la CNOP Sonora.<\/div>\n<div><\/div>\n<div>\u201cAgradecer la confianza que me brindan de presidente el movimiento; estamos en una sociedad civil plural y cr\u00edtica que nos demanda igualdad social, por lo que nuestra prioridad es recuperar la confianza y nos comprometemos a ser aliados de la sociedad, lograr consensos en beneficios del bien com\u00fan\u201d, destac\u00f3 Hip\u00f3lito Pe\u00f1a.<\/div>\n<div><\/div>\n<div>Estuvieron presentes en el acto protocolario de la toma de protesta Iris S\u00e1nchez Chiu, secretaria general del PRI Sonora; Luis Miguel Vargas Delgado, dirigente del PRI Hermosillo; Blanca Colosio, secretaria general del PRI Hermosillo; H\u00e9ctor Enciso, presidente de la Red de J\u00f3venes; H\u00e9ctor Medrano, presidente del Instituto Reyes Heroles; Emeterio Ochoa, secretario de Organizaci\u00f3n; Ulises Crist\u00f3pulos R\u00edos, dirigente de la Unidad Revolucionaria; Horacio Biebrich, de la CNOP Hermosillo; Iv\u00e1n Jaimes; as\u00ed como integrantes de los Comit\u00e9 Directivos Estatal y Municipal, representantes de organizaciones.<\/div>\n<div><\/div>\n<div>Integrantes de la Red de las Juventudes Populares que tomaron protesta:<\/div>\n<div><\/div>\n<div>\u2022<\/p>\n","protected":false},"excerpt":{"rendered":"<p>Se adhieren nuevos integrantes a la CNOP Sonora<\/p>\n","protected":false},"author":1,"featured_media":2203,"comment_status":"open","ping_status":"open","sticky":false,"template":"","format":"standard","meta":{"footnotes":""},"categories":[39],"tags":[],"class_list":["post-2202","post","type-post","status-publish","format-standard","has-post-thumbnail","hentry","category-politica"],"_links":{"self":[{"href":"https:\/\/elreporterodelacomunidad.com\/index.php\/wp-json\/wp\/v2\/posts\/2202","targetHints":{"allow":["GET"]}}],"collection":[{"href":"https:\/\/elreporterodelacomunidad.com\/index.php\/wp-json\/wp\/v2\/posts"}],"about":[{"href":"https:\/\/elreporterodelacomunidad.com\/index.php\/wp-json\/wp\/v2\/types\/post"}],"author":[{"embeddable":true,"href":"https:\/\/elreporterodelacomunidad.com\/index.php\/wp-json\/wp\/v2\/users\/1"}],"replies":[{"embeddable":true,"href":"https:\/\/elreporterodelacomunidad.com\/index.php\/wp-json\/wp\/v2\/comments?post=2202"}],"version-history":[{"count":1,"href":"https:\/\/elreporterodelacomunidad.com\/index.php\/wp-json\/wp\/v2\/posts\/2202\/revisions"}],"predecessor-version":[{"id":2204,"href":"https:\/\/elreporterodelacomunidad.com\/index.php\/wp-json\/wp\/v2\/posts\/2202\/revisions\/2204"}],"wp:featuredmedia":[{"embeddable":true,"href":"https:\/\/elreporterodelacomunidad.com\/index.php\/wp-json\/wp\/v2\/media\/2203"}],"wp:attachment":[{"href":"https:\/\/elreporterodelacomunidad.com\/index.php\/wp-json\/wp\/v2\/media?parent=2202"}],"wp:term":[{"taxonomy":"category","embeddable":true,"href":"https:\/\/elreporterodelacomunidad.com\/index.php\/wp-json\/wp\/v2\/categories?post=2202"},{"taxonomy":"post_tag","embeddable":true,"href":"https:\/\/elreporterodelacomunidad.com\/index.php\/wp-json\/wp\/v2\/tags?post=2202"}],"curies":[{"name":"wp","href":"https:\/\/api.w.org\/{rel}","templated":true}]}}