{"id":21989,"date":"2025-08-20T14:07:29","date_gmt":"2025-08-20T21:07:29","guid":{"rendered":"https:\/\/elreporterodelacomunidad.com\/?p=21989"},"modified":"2025-08-20T21:02:57","modified_gmt":"2025-08-21T04:02:57","slug":"recibe-gobierno-de-sonora-a-mas-de-10-mil-jovenes-de-nuevo-ingreso-en-cobach","status":"publish","type":"post","link":"https:\/\/elreporterodelacomunidad.com\/index.php\/2025\/08\/20\/recibe-gobierno-de-sonora-a-mas-de-10-mil-jovenes-de-nuevo-ingreso-en-cobach\/","title":{"rendered":"Recibe Gobierno de Sonora a m\u00e1s de 10 mil j\u00f3venes de nuevo ingreso en Cobach."},"content":{"rendered":"\n<p><strong>Hermosillo, Sonora; 20 de agosto de 2025.-&nbsp;<\/strong>El Gobierno de Sonora, a trav\u00e9s del Colegio de Bachilleres del Estado de Sonora (Cobach), dio la bienvenida a m\u00e1s de 10 mil j\u00f3venes de nuevo ingreso en los distintos planteles distribuidos a lo largo de la entidad para iniciar el ciclo escolar 2025-2026.<\/p>\n\n\n\n<p>La actividad acad\u00e9mica comenz\u00f3 con los cursos de inducci\u00f3n y proped\u00e9uticos que se realizan del 20 al 27 de agosto, per\u00edodo en el que se da a conocer el programa acad\u00e9mico y los servicios que ofrece el Colegio; adem\u00e1s, las y los estudiantes participan en din\u00e1micas y actividades con el objetivo de generar un ambiente de confianza y fortalecer la convivencia escolar desde el primer d\u00eda.<\/p>\n\n\n\n<p>El director general de Cobach, Rodrigo Arturo Rosas Burgos, destac\u00f3 que el principal compromiso que tiene el Colegio es la formaci\u00f3n educativa de los j\u00f3venes, que egresen con una visi\u00f3n transformadora, preparados para asumir los retos del futuro en beneficio de su desarrollo profesional y de la sociedad.<\/p>\n\n\n\n<p>Con un programa acad\u00e9mico de alto nivel enfocado a las y los j\u00f3venes en general y una pol\u00edtica institucional que atiende a estudiantes que enfrentan Barreras para el Aprendizaje y la Participaci\u00f3n (BAPS), Cobach reafirma el compromiso del Gobierno de Sonora con una educaci\u00f3n inclusiva y transformadora, enfocada en el desarrollo de aptitudes y actitudes que permitan a la juventud enfrentar con \u00e9xito los retos del futuro.<\/p>\n\n\n\n<p>El 1 de septiembre pr\u00f3ximo se espera el ingreso de m\u00e1s de 28 mil estudiantes de todos los semestres, con el inicio formal de clases para arrancar el ciclo escolar 2025\u20132026 en los 30 planteles que tiene este subsistema educativo en Sonora.<\/p>\n","protected":false},"excerpt":{"rendered":"<p>Hermosillo, Sonora; 20 de agosto de 2025.-&nbsp;El Gobierno de Sonora, a trav\u00e9s del Colegio de Bachilleres del Estado de Sonora (Cobach), dio la bienvenida a m\u00e1s de 10 mil j\u00f3venes de nuevo ingreso en los distintos planteles distribuidos a lo largo de la entidad para iniciar el ciclo escolar 2025-2026. La actividad acad\u00e9mica comenz\u00f3 con [&hellip;]<\/p>\n","protected":false},"author":5,"featured_media":21990,"comment_status":"open","ping_status":"open","sticky":false,"template":"","format":"standard","meta":{"footnotes":""},"categories":[36],"tags":[],"class_list":["post-21989","post","type-post","status-publish","format-standard","has-post-thumbnail","hentry","category-educacion"],"_links":{"self":[{"href":"https:\/\/elreporterodelacomunidad.com\/index.php\/wp-json\/wp\/v2\/posts\/21989","targetHints":{"allow":["GET"]}}],"collection":[{"href":"https:\/\/elreporterodelacomunidad.com\/index.php\/wp-json\/wp\/v2\/posts"}],"about":[{"href":"https:\/\/elreporterodelacomunidad.com\/index.php\/wp-json\/wp\/v2\/types\/post"}],"author":[{"embeddable":true,"href":"https:\/\/elreporterodelacomunidad.com\/index.php\/wp-json\/wp\/v2\/users\/5"}],"replies":[{"embeddable":true,"href":"https:\/\/elreporterodelacomunidad.com\/index.php\/wp-json\/wp\/v2\/comments?post=21989"}],"version-history":[{"count":1,"href":"https:\/\/elreporterodelacomunidad.com\/index.php\/wp-json\/wp\/v2\/posts\/21989\/revisions"}],"predecessor-version":[{"id":21991,"href":"https:\/\/elreporterodelacomunidad.com\/index.php\/wp-json\/wp\/v2\/posts\/21989\/revisions\/21991"}],"wp:featuredmedia":[{"embeddable":true,"href":"https:\/\/elreporterodelacomunidad.com\/index.php\/wp-json\/wp\/v2\/media\/21990"}],"wp:attachment":[{"href":"https:\/\/elreporterodelacomunidad.com\/index.php\/wp-json\/wp\/v2\/media?parent=21989"}],"wp:term":[{"taxonomy":"category","embeddable":true,"href":"https:\/\/elreporterodelacomunidad.com\/index.php\/wp-json\/wp\/v2\/categories?post=21989"},{"taxonomy":"post_tag","embeddable":true,"href":"https:\/\/elreporterodelacomunidad.com\/index.php\/wp-json\/wp\/v2\/tags?post=21989"}],"curies":[{"name":"wp","href":"https:\/\/api.w.org\/{rel}","templated":true}]}}