{"id":21929,"date":"2025-08-19T16:03:21","date_gmt":"2025-08-19T23:03:21","guid":{"rendered":"https:\/\/elreporterodelacomunidad.com\/?p=21929"},"modified":"2025-08-19T16:03:24","modified_gmt":"2025-08-19T23:03:24","slug":"destacan-estudiantes-deportistas-sonorenses-en-competencia-regional-de-taekwondo-utslrc","status":"publish","type":"post","link":"https:\/\/elreporterodelacomunidad.com\/index.php\/2025\/08\/19\/destacan-estudiantes-deportistas-sonorenses-en-competencia-regional-de-taekwondo-utslrc\/","title":{"rendered":"Destacan estudiantes deportistas sonorenses en competencia regional de taekwondo: Utslrc."},"content":{"rendered":"\n<p>San Luis R\u00edo Colorado, Sonora; 19 de agosto de 2025.- Benjam\u00edn Emiliano Villarreal Samaniego y \u00c1frica Logan Aparicio, estudiantes de la Universidad Tecnol\u00f3gica de San Luis R\u00edo Colorado (Utslrc), conquistaron dos medallas de oro, cada uno, en la 9na. Copa UNT Baja Jacobo, avalada por la Federaci\u00f3n Mexicana de Taekwondo y realizada en Baja California.<\/p>\n\n\n\n<p>Villarreal Samaniego, alumno de la carrera de Ingenier\u00eda en Tecnolog\u00edas de la Informaci\u00f3n y Desarrollo de Software, y Logan Aparicio, alumna de la Licenciatura en Negocios y Mercadotecnia, obtuvieron el metal dorado en formas: ejecuci\u00f3n de movimientos que combinan defensas y ataques; y en combate, donde demostraron t\u00e9cnica al marcar puntos con precisi\u00f3n mediante pu\u00f1os y patadas.<\/p>\n\n\n\n<p>Jos\u00e9 Arturo Delgado Reza, rector de la Utslrc, reconoci\u00f3 el talento y las habilidades de ambos j\u00f3venes, as\u00ed como del maestro Salvador Ascencio Mart\u00ednez, quien les ha brindado respaldo y gu\u00eda para alcanzar este importante logro deportivo.<\/p>\n\n\n\n<p>Subray\u00f3 que la instituci\u00f3n est\u00e1 comprometida con el desarrollo deportivo de las nuevas generaciones, promoviendo la sana competencia, el respeto y la formaci\u00f3n de j\u00f3venes atletas, adem\u00e1s de fortalecer los lazos con la comunidad.<\/p>\n\n\n\n<p>Asimismo, refrend\u00f3 la consolidaci\u00f3n de estrategias impulsadas por el Gobierno de Sonora para el fortalecimiento permanente de estilos de vida saludables desde las aulas.<\/p>\n\n\n\n<p class=\"has-text-align-center\"><img loading=\"lazy\" decoding=\"async\" width=\"500\" height=\"400\" class=\"wp-image-21932\" style=\"width: 500px;\" src=\"https:\/\/elreporterodelacomunidad.com\/wp-content\/uploads\/2025\/08\/700a846d-8f2a-495f-8d86-b7e2570eedef-1.jpg\" alt=\"\" srcset=\"https:\/\/elreporterodelacomunidad.com\/wp-content\/uploads\/2025\/08\/700a846d-8f2a-495f-8d86-b7e2570eedef-1.jpg 1040w, https:\/\/elreporterodelacomunidad.com\/wp-content\/uploads\/2025\/08\/700a846d-8f2a-495f-8d86-b7e2570eedef-1-300x240.jpg 300w, https:\/\/elreporterodelacomunidad.com\/wp-content\/uploads\/2025\/08\/700a846d-8f2a-495f-8d86-b7e2570eedef-1-1024x819.jpg 1024w, https:\/\/elreporterodelacomunidad.com\/wp-content\/uploads\/2025\/08\/700a846d-8f2a-495f-8d86-b7e2570eedef-1-768x614.jpg 768w, https:\/\/elreporterodelacomunidad.com\/wp-content\/uploads\/2025\/08\/700a846d-8f2a-495f-8d86-b7e2570eedef-1-750x600.jpg 750w\" sizes=\"auto, (max-width: 500px) 100vw, 500px\" \/><\/p>\n","protected":false},"excerpt":{"rendered":"<p>San Luis R\u00edo Colorado, Sonora; 19 de agosto de 2025.- Benjam\u00edn Emiliano Villarreal Samaniego y \u00c1frica Logan Aparicio, estudiantes de la Universidad Tecnol\u00f3gica de San Luis R\u00edo Colorado (Utslrc), conquistaron dos medallas de oro, cada uno, en la 9na. Copa UNT Baja Jacobo, avalada por la Federaci\u00f3n Mexicana de Taekwondo y realizada en Baja California. [&hellip;]<\/p>\n","protected":false},"author":5,"featured_media":21931,"comment_status":"open","ping_status":"open","sticky":false,"template":"","format":"standard","meta":{"footnotes":""},"categories":[33],"tags":[],"class_list":["post-21929","post","type-post","status-publish","format-standard","has-post-thumbnail","hentry","category-deportes"],"_links":{"self":[{"href":"https:\/\/elreporterodelacomunidad.com\/index.php\/wp-json\/wp\/v2\/posts\/21929","targetHints":{"allow":["GET"]}}],"collection":[{"href":"https:\/\/elreporterodelacomunidad.com\/index.php\/wp-json\/wp\/v2\/posts"}],"about":[{"href":"https:\/\/elreporterodelacomunidad.com\/index.php\/wp-json\/wp\/v2\/types\/post"}],"author":[{"embeddable":true,"href":"https:\/\/elreporterodelacomunidad.com\/index.php\/wp-json\/wp\/v2\/users\/5"}],"replies":[{"embeddable":true,"href":"https:\/\/elreporterodelacomunidad.com\/index.php\/wp-json\/wp\/v2\/comments?post=21929"}],"version-history":[{"count":1,"href":"https:\/\/elreporterodelacomunidad.com\/index.php\/wp-json\/wp\/v2\/posts\/21929\/revisions"}],"predecessor-version":[{"id":21933,"href":"https:\/\/elreporterodelacomunidad.com\/index.php\/wp-json\/wp\/v2\/posts\/21929\/revisions\/21933"}],"wp:featuredmedia":[{"embeddable":true,"href":"https:\/\/elreporterodelacomunidad.com\/index.php\/wp-json\/wp\/v2\/media\/21931"}],"wp:attachment":[{"href":"https:\/\/elreporterodelacomunidad.com\/index.php\/wp-json\/wp\/v2\/media?parent=21929"}],"wp:term":[{"taxonomy":"category","embeddable":true,"href":"https:\/\/elreporterodelacomunidad.com\/index.php\/wp-json\/wp\/v2\/categories?post=21929"},{"taxonomy":"post_tag","embeddable":true,"href":"https:\/\/elreporterodelacomunidad.com\/index.php\/wp-json\/wp\/v2\/tags?post=21929"}],"curies":[{"name":"wp","href":"https:\/\/api.w.org\/{rel}","templated":true}]}}