{"id":21892,"date":"2025-08-17T20:27:35","date_gmt":"2025-08-18T03:27:35","guid":{"rendered":"https:\/\/elreporterodelacomunidad.com\/?p=21892"},"modified":"2025-08-19T16:07:40","modified_gmt":"2025-08-19T23:07:40","slug":"alumna-de-cecyte-sonora-representara-a-mexico-en-torneo-internacional-de-box-en-espana","status":"publish","type":"post","link":"https:\/\/elreporterodelacomunidad.com\/index.php\/2025\/08\/17\/alumna-de-cecyte-sonora-representara-a-mexico-en-torneo-internacional-de-box-en-espana\/","title":{"rendered":"Alumna de Cecyte Sonora representar\u00e1 a M\u00e9xico en Torneo Internacional de Box en Espa\u00f1a."},"content":{"rendered":"\n<p>Hermosillo, Sonora; 17 de agosto de 2025.- Gabriela Hern\u00e1ndez Araujo, estudiante del Colegio de Estudios Cient\u00edficos y Tecnol\u00f3gicos del Estado de Sonora (Cecyte), plantel Esperanza, logr\u00f3 clasificar para competir en el Torneo Internacional BOXAM, que se llevar\u00e1 a cabo del 6 al 12 de octubre en Espa\u00f1a.<\/p>\n\n\n\n<p>Originaria de Ciudad Obreg\u00f3n, Sonora, y perteneciente a la etnia yaqui del pueblo Tajimaroa, Gabriela \u201cChocue\u201d Hern\u00e1ndez, con tan solo 16 a\u00f1os, ha sabido combinar sus responsabilidades acad\u00e9micas con su carrera deportiva. En lo que va del a\u00f1o ha alcanzado importantes logros, entre ellos el t\u00edtulo de subcampeona nacional en el Festival Ol\u00edmpico 2025, celebrado en Morelos, y subcampeona continental en la Copa Am\u00e9rica 2025 en Colombia.<\/p>\n\n\n\n<p>La directora general de Cecyte Sonora, Blanca Aurelia Valenzuela, expres\u00f3 que Gabriela es un ejemplo de esfuerzo y dedicaci\u00f3n. \u201cLe deseamos el mayor de los \u00e9xitos en su preparaci\u00f3n y en la competencia en Espa\u00f1a. Para toda la comunidad escolar de Cecyte Sonora, Gabriela es un verdadero #OrgulloCECyTE\u201d, se\u00f1al\u00f3.<\/p>\n\n\n\n<p>De igual manera, la funcionaria destac\u00f3 el compromiso del Gobierno de Sonora con la formaci\u00f3n integral de los estudiantes y la importancia de fomentar tanto la educaci\u00f3n como el deporte, consider\u00e1ndolos elementos clave para el desarrollo de los j\u00f3venes y una herramienta contra las adicciones.<\/p>\n\n\n\n<p>Este torneo en Espa\u00f1a representar\u00e1 una gran oportunidad para ella, no solo para medirse con los mejores deportistas a nivel internacional, sino tambi\u00e9n para seguir promoviendo los valores del esfuerzo y la perseverancia.<\/p>\n\n\n\n<p class=\"has-text-align-center\"><img loading=\"lazy\" decoding=\"async\" width=\"500\" height=\"667\" class=\"wp-image-21894\" style=\"width: 500px;\" src=\"https:\/\/elreporterodelacomunidad.com\/wp-content\/uploads\/2025\/08\/ddd-2.jpg\" alt=\"\" srcset=\"https:\/\/elreporterodelacomunidad.com\/wp-content\/uploads\/2025\/08\/ddd-2.jpg 1200w, https:\/\/elreporterodelacomunidad.com\/wp-content\/uploads\/2025\/08\/ddd-2-225x300.jpg 225w, https:\/\/elreporterodelacomunidad.com\/wp-content\/uploads\/2025\/08\/ddd-2-768x1024.jpg 768w, https:\/\/elreporterodelacomunidad.com\/wp-content\/uploads\/2025\/08\/ddd-2-1152x1536.jpg 1152w, https:\/\/elreporterodelacomunidad.com\/wp-content\/uploads\/2025\/08\/ddd-2-750x1000.jpg 750w, https:\/\/elreporterodelacomunidad.com\/wp-content\/uploads\/2025\/08\/ddd-2-1140x1520.jpg 1140w\" sizes=\"auto, (max-width: 500px) 100vw, 500px\" \/><\/p>\n","protected":false},"excerpt":{"rendered":"<p>Hermosillo, Sonora; 17 de agosto de 2025.- Gabriela Hern\u00e1ndez Araujo, estudiante del Colegio de Estudios Cient\u00edficos y Tecnol\u00f3gicos del Estado de Sonora (Cecyte), plantel Esperanza, logr\u00f3 clasificar para competir en el Torneo Internacional BOXAM, que se llevar\u00e1 a cabo del 6 al 12 de octubre en Espa\u00f1a. Originaria de Ciudad Obreg\u00f3n, Sonora, y perteneciente a [&hellip;]<\/p>\n","protected":false},"author":5,"featured_media":21893,"comment_status":"open","ping_status":"open","sticky":false,"template":"","format":"standard","meta":{"footnotes":""},"categories":[33],"tags":[],"class_list":["post-21892","post","type-post","status-publish","format-standard","has-post-thumbnail","hentry","category-deportes"],"_links":{"self":[{"href":"https:\/\/elreporterodelacomunidad.com\/index.php\/wp-json\/wp\/v2\/posts\/21892","targetHints":{"allow":["GET"]}}],"collection":[{"href":"https:\/\/elreporterodelacomunidad.com\/index.php\/wp-json\/wp\/v2\/posts"}],"about":[{"href":"https:\/\/elreporterodelacomunidad.com\/index.php\/wp-json\/wp\/v2\/types\/post"}],"author":[{"embeddable":true,"href":"https:\/\/elreporterodelacomunidad.com\/index.php\/wp-json\/wp\/v2\/users\/5"}],"replies":[{"embeddable":true,"href":"https:\/\/elreporterodelacomunidad.com\/index.php\/wp-json\/wp\/v2\/comments?post=21892"}],"version-history":[{"count":1,"href":"https:\/\/elreporterodelacomunidad.com\/index.php\/wp-json\/wp\/v2\/posts\/21892\/revisions"}],"predecessor-version":[{"id":21895,"href":"https:\/\/elreporterodelacomunidad.com\/index.php\/wp-json\/wp\/v2\/posts\/21892\/revisions\/21895"}],"wp:featuredmedia":[{"embeddable":true,"href":"https:\/\/elreporterodelacomunidad.com\/index.php\/wp-json\/wp\/v2\/media\/21893"}],"wp:attachment":[{"href":"https:\/\/elreporterodelacomunidad.com\/index.php\/wp-json\/wp\/v2\/media?parent=21892"}],"wp:term":[{"taxonomy":"category","embeddable":true,"href":"https:\/\/elreporterodelacomunidad.com\/index.php\/wp-json\/wp\/v2\/categories?post=21892"},{"taxonomy":"post_tag","embeddable":true,"href":"https:\/\/elreporterodelacomunidad.com\/index.php\/wp-json\/wp\/v2\/tags?post=21892"}],"curies":[{"name":"wp","href":"https:\/\/api.w.org\/{rel}","templated":true}]}}