{"id":21871,"date":"2025-08-17T20:03:01","date_gmt":"2025-08-18T03:03:01","guid":{"rendered":"https:\/\/elreporterodelacomunidad.com\/?p=21871"},"modified":"2025-08-17T20:03:07","modified_gmt":"2025-08-18T03:03:07","slug":"inaugura-gobierno-municipal-el-torneo-de-softbeis-de-la-liga-ejidal-oriente-en-la-victoria","status":"publish","type":"post","link":"https:\/\/elreporterodelacomunidad.com\/index.php\/2025\/08\/17\/inaugura-gobierno-municipal-el-torneo-de-softbeis-de-la-liga-ejidal-oriente-en-la-victoria\/","title":{"rendered":"Inaugura Gobierno Municipal el Torneo de Softbeis de la Liga Ejidal Oriente en La Victoria."},"content":{"rendered":"\n<p>-Autoridades municipales inauguran el torneo, entregan equipo deportivo y medallas a deportistas destacados.<br>-El torneo se lleva a cabo en el Campo Deportivo del Ejido La Victoria, rehabilitado con el Presupuesto CRECES.<\/p>\n\n\n\n<p>Hermosillo, Sonora; 17 de agosto de 2025.- Una tarde llena de acci\u00f3n deportiva vivieron familias con la inauguraci\u00f3n del Torneo de Softbeis de la Liga Ejidal Oriente en La Victoria, por parte del Gobierno Municipal, donde participan 20 equipos.<\/p>\n\n\n\n<p>Rafael Cruz Flores, director del Instituto del Deporte de Hermosillo (IDH), dio la bienvenida a las familias que, entre porras y ovaciones, encendieron el esp\u00edritu deportivo en el campo reci\u00e9n rehabilitado gracias al Presupuesto CRECES.<\/p>\n\n\n\n<p>\u201cEsto es lo que estamos buscando siempre: la promoci\u00f3n del deporte, buscar la forma de seguirlos apoyando, dar las herramientas. Afortunadamente tenemos un Presidente Municipal como Antonio \u2018To\u00f1o\u2019 Astiazar\u00e1n, muy comprometido y muy sensible, que se ha encargado de impulsar obras como este campo\u201d, agreg\u00f3.<\/p>\n\n\n\n<p>El Presupuesto CRECES ha marcado un antes y un despu\u00e9s en este campo deportivo, en el que las familias pueden disfrutar la emoci\u00f3n del deporte en horario nocturno y en condiciones apropiadas para sus atletas.<\/p>\n\n\n\n<p>Daniel Garc\u00eda Escalante, director de Participaci\u00f3n, lanz\u00f3 la primera bola a nombre del Presidente Municipal, marcando oficialmente el inicio del torneo que promete emociones, convivencia y talento en cada partido.<\/p>\n\n\n\n<p>\u201cAgradecerles, sobre todo al Comit\u00e9 CRECES, que se encargaron de que este proyecto fuera posible. Este proyecto se gan\u00f3 en un programa que tenemos en Participaci\u00f3n Ciudadana que se llama Presupuesto CRECES. Volteen a ver un a\u00f1o antes c\u00f3mo estaba este campo y, gracias a To\u00f1o Astiazar\u00e1n, es una realidad\u201d, expres\u00f3 Daniel Garc\u00eda.<\/p>\n\n\n\n<p>Autoridades municipales entregaron equipo deportivo y medallas a deportistas destacados durante la ceremonia de inauguraci\u00f3n.<\/p>\n\n\n\n<p>Asistieron Anabel D\u00f3rame Moreno, delegada del Ejido La Victoria; Jes\u00fas Ibarrola, presidente del Comit\u00e9 CRECES La Victoria; Omar L\u00f3pez, presidente de la Liga de Softbeis; Pilar Clemente, tesorera del Comit\u00e9 CRECES La Victoria, y Trinidad Avilez, director de la Regi\u00f3n 12 de B\u00e9isbol.<\/p>\n","protected":false},"excerpt":{"rendered":"<p>-Autoridades municipales inauguran el torneo, entregan equipo deportivo y medallas a deportistas destacados.-El torneo se lleva a cabo en el Campo Deportivo del Ejido La Victoria, rehabilitado con el Presupuesto CRECES. Hermosillo, Sonora; 17 de agosto de 2025.- Una tarde llena de acci\u00f3n deportiva vivieron familias con la inauguraci\u00f3n del Torneo de Softbeis de la [&hellip;]<\/p>\n","protected":false},"author":5,"featured_media":21872,"comment_status":"open","ping_status":"open","sticky":false,"template":"","format":"standard","meta":{"footnotes":""},"categories":[33],"tags":[],"class_list":["post-21871","post","type-post","status-publish","format-standard","has-post-thumbnail","hentry","category-deportes"],"_links":{"self":[{"href":"https:\/\/elreporterodelacomunidad.com\/index.php\/wp-json\/wp\/v2\/posts\/21871","targetHints":{"allow":["GET"]}}],"collection":[{"href":"https:\/\/elreporterodelacomunidad.com\/index.php\/wp-json\/wp\/v2\/posts"}],"about":[{"href":"https:\/\/elreporterodelacomunidad.com\/index.php\/wp-json\/wp\/v2\/types\/post"}],"author":[{"embeddable":true,"href":"https:\/\/elreporterodelacomunidad.com\/index.php\/wp-json\/wp\/v2\/users\/5"}],"replies":[{"embeddable":true,"href":"https:\/\/elreporterodelacomunidad.com\/index.php\/wp-json\/wp\/v2\/comments?post=21871"}],"version-history":[{"count":1,"href":"https:\/\/elreporterodelacomunidad.com\/index.php\/wp-json\/wp\/v2\/posts\/21871\/revisions"}],"predecessor-version":[{"id":21873,"href":"https:\/\/elreporterodelacomunidad.com\/index.php\/wp-json\/wp\/v2\/posts\/21871\/revisions\/21873"}],"wp:featuredmedia":[{"embeddable":true,"href":"https:\/\/elreporterodelacomunidad.com\/index.php\/wp-json\/wp\/v2\/media\/21872"}],"wp:attachment":[{"href":"https:\/\/elreporterodelacomunidad.com\/index.php\/wp-json\/wp\/v2\/media?parent=21871"}],"wp:term":[{"taxonomy":"category","embeddable":true,"href":"https:\/\/elreporterodelacomunidad.com\/index.php\/wp-json\/wp\/v2\/categories?post=21871"},{"taxonomy":"post_tag","embeddable":true,"href":"https:\/\/elreporterodelacomunidad.com\/index.php\/wp-json\/wp\/v2\/tags?post=21871"}],"curies":[{"name":"wp","href":"https:\/\/api.w.org\/{rel}","templated":true}]}}