{"id":2184,"date":"2024-03-01T00:00:00","date_gmt":"2024-03-01T07:00:00","guid":{"rendered":"https:\/\/elreporterodelacomunidad.com\/index.php\/2024\/03\/01\/es-hermosillo-primer-municipio-del-pais-en-otorgar-concesion-y-se-construira-libramiento-al-norponiente-y-surponiente\/"},"modified":"2024-05-18T22:34:57","modified_gmt":"2024-05-19T05:34:57","slug":"es-hermosillo-primer-municipio-del-pais-en-otorgar-concesion-y-se-construira-libramiento-al-norponiente-y-surponiente","status":"publish","type":"post","link":"https:\/\/elreporterodelacomunidad.com\/index.php\/2024\/03\/01\/es-hermosillo-primer-municipio-del-pais-en-otorgar-concesion-y-se-construira-libramiento-al-norponiente-y-surponiente\/","title":{"rendered":"Es Hermosillo primer municipio del pa\u00eds en otorgar concesi\u00f3n y se construir\u00e1 libramiento al norponiente y surponiente"},"content":{"rendered":"<p>Como un paso importante para Hermosillo consider\u00f3 To\u00f1o Astiazar\u00e1n la autorizaci\u00f3n de Cabildo para otorgar una concesi\u00f3n municipal para construir, mantener y operar dos libramientos carreteros al norponiente y surponiente de la ciudad.<br aria-hidden=\"true\" style=\", sans-serif;font-size: 15px\"><br aria-hidden=\"true\" style=\", sans-serif;font-size: 15px\">El Presidente Municipal celebr\u00f3 la aprobaci\u00f3n por unanimidad de este dictamen que convierte a Hermosillo en el primer municipio de M\u00e9xico en otorgar una concesi\u00f3n de esta \u00edndole que desviar\u00e1 m\u00e1s de 1 mill\u00f3n 500 mil veh\u00edculos anuales de la ciudad con lo que conservar\u00e1 las calles y mejorar\u00e1 la calidad de aire.<br aria-hidden=\"true\" style=\", sans-serif;font-size: 15px\"><br aria-hidden=\"true\" style=\", sans-serif;font-size: 15px\">\u201cLes quiero agradecer infinitamente a todas las dependencias que se involucraron en el desarrollo del proyecto. Vamos por dos libramientos totalmente nuevos para nuestra ciudad, uno para conectar el norte con el aeropuerto y Bah\u00eda de Kino, y el otro para unir la salida sur con el poniente\u201d, destac\u00f3.<br aria-hidden=\"true\" style=\", sans-serif;font-size: 15px\"><br aria-hidden=\"true\" style=\", sans-serif;font-size: 15px\">El dictamen presentado y aprobado por Sindicatura Municipal incrementar\u00e1 la llegada de inversiones y turismo al municipio que podr\u00e1n utilizar ambos libramientos con una inversi\u00f3n total mayor a los mil 500 millones de pesos por ambos libramientos.<br aria-hidden=\"true\" style=\", sans-serif;font-size: 15px\"><br aria-hidden=\"true\" style=\", sans-serif;font-size: 15px\">Adem\u00e1s, durante la sesi\u00f3n ordinaria se aprob\u00f3 por unanimidad modificar el Bando de Polic\u00eda que proh\u00edbe el uso de botellas de vidrio en las playas del Municipio por seguridad de las personas que visitan las playas de Hermosillo.<br aria-hidden=\"true\" style=\", sans-serif;font-size: 15px\"><br aria-hidden=\"true\" style=\", sans-serif;font-size: 15px\">Tambi\u00e9n se aprob\u00f3 el proyecto de reformas y adiciones al Reglamento de Ecolog\u00eda y Protecci\u00f3n al Ambiente que contempla la creaci\u00f3n del Comit\u00e9 de Monitoreo de la Calidad del Aire de Hermosillo como una pol\u00edtica p\u00fablica municipal de coordinaci\u00f3n y participaci\u00f3n ciudadana, de gobierno abierto, indispensable para transformar datos de monitoreo sobre la calidad del aire a informaci\u00f3n para la toma de decisiones y, como consecuencia, en acciones concretas.<br aria-hidden=\"true\" style=\", sans-serif;font-size: 15px\"><br aria-hidden=\"true\" style=\", sans-serif;font-size: 15px\">En la sesi\u00f3n tambi\u00e9n se autorizaron temas de Sindicatura Municipal, de Asuntos Laborales y de la Comisi\u00f3n de Comercio y Espect\u00e1culos; y facultades a la titular de la Direcci\u00f3n de Atenci\u00f3n a la Mujer, Ang\u00e9lica Pay\u00e1n Garc\u00eda en materia de protecci\u00f3n a v\u00edctimas de violencia.<\/p>\n","protected":false},"excerpt":{"rendered":"<p>En sesi\u00f3n de Cabildo se aprob\u00f3 impulsar esta obra en la que se prev\u00e9 una inversi\u00f3n de m\u00e1s de mil 500 millones de pesos que reducir\u00e1 tiempos de traslado y evitar\u00e1 que la infraestructura interna de la ciudad no se deteriore.<\/p>\n","protected":false},"author":1,"featured_media":2185,"comment_status":"open","ping_status":"open","sticky":false,"template":"","format":"standard","meta":{"footnotes":""},"categories":[29],"tags":[],"class_list":["post-2184","post","type-post","status-publish","format-standard","has-post-thumbnail","hentry","category-principalsecundaria"],"_links":{"self":[{"href":"https:\/\/elreporterodelacomunidad.com\/index.php\/wp-json\/wp\/v2\/posts\/2184","targetHints":{"allow":["GET"]}}],"collection":[{"href":"https:\/\/elreporterodelacomunidad.com\/index.php\/wp-json\/wp\/v2\/posts"}],"about":[{"href":"https:\/\/elreporterodelacomunidad.com\/index.php\/wp-json\/wp\/v2\/types\/post"}],"author":[{"embeddable":true,"href":"https:\/\/elreporterodelacomunidad.com\/index.php\/wp-json\/wp\/v2\/users\/1"}],"replies":[{"embeddable":true,"href":"https:\/\/elreporterodelacomunidad.com\/index.php\/wp-json\/wp\/v2\/comments?post=2184"}],"version-history":[{"count":1,"href":"https:\/\/elreporterodelacomunidad.com\/index.php\/wp-json\/wp\/v2\/posts\/2184\/revisions"}],"predecessor-version":[{"id":2186,"href":"https:\/\/elreporterodelacomunidad.com\/index.php\/wp-json\/wp\/v2\/posts\/2184\/revisions\/2186"}],"wp:featuredmedia":[{"embeddable":true,"href":"https:\/\/elreporterodelacomunidad.com\/index.php\/wp-json\/wp\/v2\/media\/2185"}],"wp:attachment":[{"href":"https:\/\/elreporterodelacomunidad.com\/index.php\/wp-json\/wp\/v2\/media?parent=2184"}],"wp:term":[{"taxonomy":"category","embeddable":true,"href":"https:\/\/elreporterodelacomunidad.com\/index.php\/wp-json\/wp\/v2\/categories?post=2184"},{"taxonomy":"post_tag","embeddable":true,"href":"https:\/\/elreporterodelacomunidad.com\/index.php\/wp-json\/wp\/v2\/tags?post=2184"}],"curies":[{"name":"wp","href":"https:\/\/api.w.org\/{rel}","templated":true}]}}