{"id":21833,"date":"2025-08-16T18:56:02","date_gmt":"2025-08-17T01:56:02","guid":{"rendered":"https:\/\/elreporterodelacomunidad.com\/?p=21833"},"modified":"2025-08-16T19:20:56","modified_gmt":"2025-08-17T02:20:56","slug":"equipo-de-tiro-policial-de-la-amic-pone-en-alto-el-nombre-de-sonora","status":"publish","type":"post","link":"https:\/\/elreporterodelacomunidad.com\/index.php\/2025\/08\/16\/equipo-de-tiro-policial-de-la-amic-pone-en-alto-el-nombre-de-sonora\/","title":{"rendered":"Equipo de tiro policial de la AMIC pone en alto el nombre de Sonora."},"content":{"rendered":"\n<p>Obtuvo el subcampeonato nacional en Chihuahua.<\/p>\n\n\n\n<p>Hermosillo, Sonora; 16 de agosto de 2025.- En el a\u00f1o 2022 se conform\u00f3 el equipo de tiro policial de la Agencia Ministerial de Investigaci\u00f3n Criminal, con el prop\u00f3sito de fortalecer las habilidades t\u00e1cticas y de precisi\u00f3n de sus elementos.<\/p>\n\n\n\n<p>Actualmente, bajo la direcci\u00f3n del comandante Gabriel Antonio Arag\u00f3n Arellano, el grupo se entrena de manera constante y de forma especializada con las \u00faltimas tecnolog\u00edas.<\/p>\n\n\n\n<p>Desde su creaci\u00f3n, el equipo ha demostrado un notable compromiso y esp\u00edritu competitivo, participando en diversas competencias a nivel nacional, poniendo siempre en alto el nombre de Sonora.<\/p>\n\n\n\n<p>Uno de sus mayores logros se obtuvo en el Campeonato Nacional de Tiro celebrado en Chihuahua, donde el equipo alcanz\u00f3 el segundo lugar en la categor\u00eda por equipos.<\/p>\n\n\n\n<p>Este resultado no solo reflej\u00f3 el alto nivel t\u00e9cnico de sus integrantes, sino tambi\u00e9n el liderazgo y la estrategia implementada por el comandante Arag\u00f3n Arellano.<\/p>\n\n\n\n<p>El reconocimiento logrado en esta competencia posiciona al equipo de tiro de la Agencia Ministerial de Investigaci\u00f3n Criminal como un referente de disciplina, preparaci\u00f3n y trabajo en conjunto, reafirmando el compromiso de la instituci\u00f3n con la capacitaci\u00f3n constante y la excelencia operativa.<\/p>\n\n\n\n<figure class=\"wp-block-embed is-type-video is-provider-youtube wp-block-embed-youtube wp-embed-aspect-16-9 wp-has-aspect-ratio\"><div class=\"wp-block-embed__wrapper\">\n<div class=\"jeg_video_container jeg_video_content\"><iframe loading=\"lazy\" title=\"Equipo de tiro policial de la AMIC pone en alto el nombre de Sonora.\" width=\"500\" height=\"281\" src=\"https:\/\/www.youtube.com\/embed\/8eGbHtowMhk?feature=oembed\" frameborder=\"0\" allow=\"accelerometer; autoplay; clipboard-write; encrypted-media; gyroscope; picture-in-picture; web-share\" referrerpolicy=\"strict-origin-when-cross-origin\" allowfullscreen><\/iframe><\/div>\n<\/div><\/figure>\n","protected":false},"excerpt":{"rendered":"<p>Obtuvo el subcampeonato nacional en Chihuahua. Hermosillo, Sonora; 16 de agosto de 2025.- En el a\u00f1o 2022 se conform\u00f3 el equipo de tiro policial de la Agencia Ministerial de Investigaci\u00f3n Criminal, con el prop\u00f3sito de fortalecer las habilidades t\u00e1cticas y de precisi\u00f3n de sus elementos. Actualmente, bajo la direcci\u00f3n del comandante Gabriel Antonio Arag\u00f3n Arellano, [&hellip;]<\/p>\n","protected":false},"author":5,"featured_media":21834,"comment_status":"open","ping_status":"open","sticky":false,"template":"","format":"standard","meta":{"footnotes":""},"categories":[33],"tags":[],"class_list":["post-21833","post","type-post","status-publish","format-standard","has-post-thumbnail","hentry","category-deportes"],"_links":{"self":[{"href":"https:\/\/elreporterodelacomunidad.com\/index.php\/wp-json\/wp\/v2\/posts\/21833","targetHints":{"allow":["GET"]}}],"collection":[{"href":"https:\/\/elreporterodelacomunidad.com\/index.php\/wp-json\/wp\/v2\/posts"}],"about":[{"href":"https:\/\/elreporterodelacomunidad.com\/index.php\/wp-json\/wp\/v2\/types\/post"}],"author":[{"embeddable":true,"href":"https:\/\/elreporterodelacomunidad.com\/index.php\/wp-json\/wp\/v2\/users\/5"}],"replies":[{"embeddable":true,"href":"https:\/\/elreporterodelacomunidad.com\/index.php\/wp-json\/wp\/v2\/comments?post=21833"}],"version-history":[{"count":1,"href":"https:\/\/elreporterodelacomunidad.com\/index.php\/wp-json\/wp\/v2\/posts\/21833\/revisions"}],"predecessor-version":[{"id":21835,"href":"https:\/\/elreporterodelacomunidad.com\/index.php\/wp-json\/wp\/v2\/posts\/21833\/revisions\/21835"}],"wp:featuredmedia":[{"embeddable":true,"href":"https:\/\/elreporterodelacomunidad.com\/index.php\/wp-json\/wp\/v2\/media\/21834"}],"wp:attachment":[{"href":"https:\/\/elreporterodelacomunidad.com\/index.php\/wp-json\/wp\/v2\/media?parent=21833"}],"wp:term":[{"taxonomy":"category","embeddable":true,"href":"https:\/\/elreporterodelacomunidad.com\/index.php\/wp-json\/wp\/v2\/categories?post=21833"},{"taxonomy":"post_tag","embeddable":true,"href":"https:\/\/elreporterodelacomunidad.com\/index.php\/wp-json\/wp\/v2\/tags?post=21833"}],"curies":[{"name":"wp","href":"https:\/\/api.w.org\/{rel}","templated":true}]}}