{"id":2176,"date":"2024-03-01T00:00:00","date_gmt":"2024-03-01T07:00:00","guid":{"rendered":"https:\/\/elreporterodelacomunidad.com\/index.php\/2024\/03\/01\/inician-campanas-electorales-federales-en-todo-el-pais\/"},"modified":"2024-05-18T22:34:50","modified_gmt":"2024-05-19T05:34:50","slug":"inician-campanas-electorales-federales-en-todo-el-pais","status":"publish","type":"post","link":"https:\/\/elreporterodelacomunidad.com\/index.php\/2024\/03\/01\/inician-campanas-electorales-federales-en-todo-el-pais\/","title":{"rendered":"Inician campa\u00f1as electorales federales en todo el pa\u00eds&nbsp;"},"content":{"rendered":"<p class=\"MsoNormal\">Este viernes 1 de marzo comienzan las campa\u00f1as electorales de los partidos pol\u00edticos y candidaturas que buscar\u00e1n alguno de los 629 cargos de elecci\u00f3n popular que se disputar\u00e1n el pr\u00f3ximo 2 de junio en el marco del Proceso Electoral Federal 2023-2024.<\/p>\n<p class=\"MsoNormal\">El Instituto Nacional Electoral (INE) reitera su compromiso de crear las condiciones para garantizar el voto libre de m\u00e1s de 100 millones de ciudadanas y ciudadanos inscritos en el Padr\u00f3n Electoral.<\/p>\n<p class=\"MsoNormal\">La Consejera Presidenta, Guadalupe Taddei Zavala, llam\u00f3 a iniciar las campa\u00f1as en estricto apego a la ley, con respeto entre todos los adversarios pol\u00edticos y a todos los servidores p\u00fablicos a conducirse en el marco de las leyes y la normatividad electoral.<\/p>\n<p class=\"MsoNormal\">\u201cDemos una campa\u00f1a de altura, de propuestas, que convenza a la ciudadan\u00eda, cada quien con propuestas precisas, claras, que atraigan la participaci\u00f3n ciudadana. Y elevemos entre todos la participaci\u00f3n ciudadana\u201d, estableci\u00f3 previo al inicio de la sesi\u00f3n de Consejo General.<\/p>\n<p class=\"MsoNormal\">Contribuir al voto informado<\/p>\n<p class=\"MsoNormal\">La Consejera Carla Humphrey Jordan precis\u00f3 que la ciudadan\u00eda podr\u00e1 consultar durante la etapa de campa\u00f1as electorales y hasta el 6 de junio la p\u00e1gina \u201cCandidatas y Candidatos, Con\u00f3celes\u201d, en la que podr\u00e1 informarse respecto del perfil de las candidaturas y as\u00ed contribuir a que su voto sea informado.<\/p>\n<p class=\"MsoNormal\">Para el Consejero Jaime Rivera Vel\u00e1zquez, las campa\u00f1as, que concluir\u00e1n el pr\u00f3ximo 29 de mayo, dar\u00e1n inicio en condiciones m\u00e1s complicadas que en elecciones anteriores, por lo que hizo votos para que \u201ccon la responsabilidad compartida de las autoridades electorales, gobiernos y partidos pol\u00edticos, de acuerdo a las competencias de cada quien, esos riesgos ominosos que se ciernen sobre estas elecciones puedan atajarse y logremos tener unas elecciones libres, equitativas y de resultados ciertos y transparentes\u201d.<\/p>\n<p class=\"MsoNormal\">Las campa\u00f1as son el lapso en el que las fuerzas pol\u00edticas, a trav\u00e9s de sus candidatas y candidatos, expondr\u00e1n de cara a la sociedad, las ideas, proyectos y formas pr\u00e1cticas mediante las cuales van a atender los problemas nacionales apunt\u00f3 la Consejera Claudia Zavala P\u00e9rez, quien advirti\u00f3 que el ambiente de polarizaci\u00f3n, inseguridad y proliferaci\u00f3n de estrategias para manipular, desinformar y burlar la ley&nbsp; de no pocos actores pol\u00edticos constituye, en su conjunto, un factor de riesgo mayor para la democracia.<\/p>\n<p class=\"MsoNormal\">En aras de fortalecer la democracia, hizo un llamado a que todas y todos cumplan las normas existentes para celebrar elecciones ciertas, libres y aut\u00e9nticas.<\/p>\n<p class=\"MsoNormal\">En este proceso comicial se disputar\u00e1n a nivel federal la Presidencia de la Rep\u00fablica, el Congreso de la Uni\u00f3n con 500 diputaciones y 128 senadur\u00edas, y el INE est\u00e1 listo para llevar a cabo todas sus actividades en tiempo y forma.<\/p>\n<p class=\"MsoNormal\">El art\u00edculo 242 de la Ley General de Instituciones y Procedimientos Electorales (LGIPE), establece que la campa\u00f1a electoral, es el conjunto de actividades llevadas a cabo por los partidos pol\u00edticos nacionales, las coaliciones y las candidaturas registradas para la obtenci\u00f3n del voto.<\/p>\n<p class=\"MsoNormal\">\u201cSe entiende por actos de campa\u00f1a las reuniones p\u00fablicas, asambleas, marchas y en general aqu\u00e9llos en que los candidatos o voceros de los partidos pol\u00edticos se dirigen al electorado para promover sus candidaturas\u201d.<\/p>\n<p class=\"MsoNormal\">Se aprueban candidaturas a senadur\u00edas y diputaciones para el PEF 2023-2024<\/p>\n<p class=\"MsoNormal\">El Consejo General aprob\u00f3 el registro de las candidaturas a senadur\u00edas y diputaciones al Congreso de la Uni\u00f3n por los principios de mayor\u00eda relativa y representaci\u00f3n proporcional, de los siete partidos pol\u00edticos nacionales y las dos coaliciones con registro vigente, a participar en el Proceso Electoral Federal 2023-2024.<\/p>\n<p class=\"MsoNormal\">Para otorgar dichos registros, la Direcci\u00f3n Ejecutiva de Prerrogativas y Partidos Pol\u00edticos revis\u00f3 dos mil 399 solicitudes, 475 de elecci\u00f3n consecutiva, adem\u00e1s de analizar el cumplimiento de las acciones afirmativas, como 35 personas ind\u00edgenas, cuatro afromexicanas, ocho con discapacidad, tres de la diversidad sexual y cinco migrantes y residentes en el extranjero.<\/p>\n","protected":false},"excerpt":{"rendered":"<p>Demos una campa\u00f1a de altura, con propuestas que atraigan la participaci\u00f3n ciudadana: Guadalupe Taddei<\/p>\n","protected":false},"author":1,"featured_media":2177,"comment_status":"open","ping_status":"open","sticky":false,"template":"","format":"standard","meta":{"footnotes":""},"categories":[29],"tags":[],"class_list":["post-2176","post","type-post","status-publish","format-standard","has-post-thumbnail","hentry","category-principalsecundaria"],"_links":{"self":[{"href":"https:\/\/elreporterodelacomunidad.com\/index.php\/wp-json\/wp\/v2\/posts\/2176","targetHints":{"allow":["GET"]}}],"collection":[{"href":"https:\/\/elreporterodelacomunidad.com\/index.php\/wp-json\/wp\/v2\/posts"}],"about":[{"href":"https:\/\/elreporterodelacomunidad.com\/index.php\/wp-json\/wp\/v2\/types\/post"}],"author":[{"embeddable":true,"href":"https:\/\/elreporterodelacomunidad.com\/index.php\/wp-json\/wp\/v2\/users\/1"}],"replies":[{"embeddable":true,"href":"https:\/\/elreporterodelacomunidad.com\/index.php\/wp-json\/wp\/v2\/comments?post=2176"}],"version-history":[{"count":1,"href":"https:\/\/elreporterodelacomunidad.com\/index.php\/wp-json\/wp\/v2\/posts\/2176\/revisions"}],"predecessor-version":[{"id":2178,"href":"https:\/\/elreporterodelacomunidad.com\/index.php\/wp-json\/wp\/v2\/posts\/2176\/revisions\/2178"}],"wp:featuredmedia":[{"embeddable":true,"href":"https:\/\/elreporterodelacomunidad.com\/index.php\/wp-json\/wp\/v2\/media\/2177"}],"wp:attachment":[{"href":"https:\/\/elreporterodelacomunidad.com\/index.php\/wp-json\/wp\/v2\/media?parent=2176"}],"wp:term":[{"taxonomy":"category","embeddable":true,"href":"https:\/\/elreporterodelacomunidad.com\/index.php\/wp-json\/wp\/v2\/categories?post=2176"},{"taxonomy":"post_tag","embeddable":true,"href":"https:\/\/elreporterodelacomunidad.com\/index.php\/wp-json\/wp\/v2\/tags?post=2176"}],"curies":[{"name":"wp","href":"https:\/\/api.w.org\/{rel}","templated":true}]}}