{"id":2162,"date":"2024-03-01T00:00:00","date_gmt":"2024-03-01T07:00:00","guid":{"rendered":"https:\/\/elreporterodelacomunidad.com\/index.php\/2024\/03\/01\/capturan-a-presunto-feminicida-de-michel-kimberly-hallada-muerta-en-el-vertedor-de-la-presa\/"},"modified":"2024-05-18T22:34:38","modified_gmt":"2024-05-19T05:34:38","slug":"capturan-a-presunto-feminicida-de-michel-kimberly-hallada-muerta-en-el-vertedor-de-la-presa","status":"publish","type":"post","link":"https:\/\/elreporterodelacomunidad.com\/index.php\/2024\/03\/01\/capturan-a-presunto-feminicida-de-michel-kimberly-hallada-muerta-en-el-vertedor-de-la-presa\/","title":{"rendered":"Capturan a presunto feminicida de Michel Kimberly, hallada muerta en el vertedor de la presa"},"content":{"rendered":"<p class=\"MsoNormal\">Carlos Roberto \u201cN\u201d fue capturado por las autoridades por el presunto feminicidio de Michel Kimberly, quien fue hallada muerta en el vertedor de la presa Abelardo L. Rodr\u00edguez, con signos de violencia.<\/p>\n<p class=\"MsoNormal\">La Fiscal\u00eda General de Justicia del Estado inform\u00f3 que, tras las debidas investigaciones, se logr\u00f3 identificar, capturar y vincular a proceso, a Carlos Roberto \u201cN\u201d, por su presunta responsabilidad en el feminicidio de Michel Kimberly, encontrada muerta el pasado 1 de febrero, al oriente de Hermosillo.<\/p>\n<p class=\"MsoNormal\">El \u00f3rgano procurador de justicia indic\u00f3 que, a trav\u00e9s de la integraci\u00f3n de la carpeta de investigaci\u00f3n correspondiente, as\u00ed como de medios de prueba, se identific\u00f3 al hoy imputado como el presunto responsable, al ser expareja sentimental de la v\u00edctima.<\/p>\n<p class=\"MsoNormal\">Una vez que se cont\u00f3 con suficiente informaci\u00f3n, se solicit\u00f3 la orden de aprehensi\u00f3n por medio del Ministerio P\u00fablico, el cual mostr\u00f3 las pruebas al juez, mismo que otorg\u00f3 el mandato judicial para capturar al se\u00f1alado.<\/p>\n<p class=\"MsoNormal\">La captura del sujeto se llev\u00f3 a cabo el pasado 29 de febrero, en las inmediaciones del Centro de Reinserci\u00f3n Social (Cereso) N\u00famero 1 de Hermosillo, localizado en el bulevar Ganaderos, al oriente de la ciudad.<\/p>\n<p class=\"MsoNormal\">Tras ser capturado por elementos de la Agencia Ministerial de Investigaci\u00f3n Criminal (AMIC), fue puesto a disposici\u00f3n del juez, por lo que se formul\u00f3 la imputaci\u00f3n por el delito de feminicidio.<\/p>\n<p class=\"MsoNormal\">Asimismo, el sujeto fue puesto en prisi\u00f3n preventiva como medida cautelar, por lo que se encuentra tras las rejas esperando el avance de su caso en los tribunales.<\/p>\n","protected":false},"excerpt":{"rendered":"<p>Se logr\u00f3 identificar, capturar y vincular a proceso, a Carlos Roberto \u201cN\u201d, por su presunta responsabilidad en el feminicidio de Michel Kimberly.<\/p>\n","protected":false},"author":1,"featured_media":2163,"comment_status":"open","ping_status":"open","sticky":false,"template":"","format":"standard","meta":{"footnotes":""},"categories":[32],"tags":[],"class_list":["post-2162","post","type-post","status-publish","format-standard","has-post-thumbnail","hentry","category-policiaca"],"_links":{"self":[{"href":"https:\/\/elreporterodelacomunidad.com\/index.php\/wp-json\/wp\/v2\/posts\/2162","targetHints":{"allow":["GET"]}}],"collection":[{"href":"https:\/\/elreporterodelacomunidad.com\/index.php\/wp-json\/wp\/v2\/posts"}],"about":[{"href":"https:\/\/elreporterodelacomunidad.com\/index.php\/wp-json\/wp\/v2\/types\/post"}],"author":[{"embeddable":true,"href":"https:\/\/elreporterodelacomunidad.com\/index.php\/wp-json\/wp\/v2\/users\/1"}],"replies":[{"embeddable":true,"href":"https:\/\/elreporterodelacomunidad.com\/index.php\/wp-json\/wp\/v2\/comments?post=2162"}],"version-history":[{"count":1,"href":"https:\/\/elreporterodelacomunidad.com\/index.php\/wp-json\/wp\/v2\/posts\/2162\/revisions"}],"predecessor-version":[{"id":2165,"href":"https:\/\/elreporterodelacomunidad.com\/index.php\/wp-json\/wp\/v2\/posts\/2162\/revisions\/2165"}],"wp:featuredmedia":[{"embeddable":true,"href":"https:\/\/elreporterodelacomunidad.com\/index.php\/wp-json\/wp\/v2\/media\/2163"}],"wp:attachment":[{"href":"https:\/\/elreporterodelacomunidad.com\/index.php\/wp-json\/wp\/v2\/media?parent=2162"}],"wp:term":[{"taxonomy":"category","embeddable":true,"href":"https:\/\/elreporterodelacomunidad.com\/index.php\/wp-json\/wp\/v2\/categories?post=2162"},{"taxonomy":"post_tag","embeddable":true,"href":"https:\/\/elreporterodelacomunidad.com\/index.php\/wp-json\/wp\/v2\/tags?post=2162"}],"curies":[{"name":"wp","href":"https:\/\/api.w.org\/{rel}","templated":true}]}}