{"id":215,"date":"2024-05-14T00:00:00","date_gmt":"2024-05-14T07:00:00","guid":{"rendered":"https:\/\/elreporterodelacomunidad.com\/index.php\/2024\/05\/14\/tres-hombres-vinculados-a-proceso-por-robo-de-camioneta-de-paqueteria-en-hermosillo\/"},"modified":"2024-05-18T21:52:12","modified_gmt":"2024-05-19T04:52:12","slug":"tres-hombres-vinculados-a-proceso-por-robo-de-camioneta-de-paqueteria-en-hermosillo","status":"publish","type":"post","link":"https:\/\/elreporterodelacomunidad.com\/index.php\/2024\/05\/14\/tres-hombres-vinculados-a-proceso-por-robo-de-camioneta-de-paqueteria-en-hermosillo\/","title":{"rendered":"Tres hombres vinculados a proceso por robo de camioneta de paqueter\u00eda en Hermosillo"},"content":{"rendered":"<p class=\"MsoNormal\">La Fiscal\u00eda General de Justicia del Estado de Sonora (FGJES) logr\u00f3 que \u00c1ngel Hiram \u201cN\u201d, Luis Felipe \u201cN\u201d e Irving Gustavo \u201cN\u201d fueran vinculados a proceso y quedaran en prisi\u00f3n preventiva, acusados por su probable responsabilidad en el delito de robo de noche, cometido en perjuicio de una empresa de paqueter\u00eda.<\/p>\n<p class=\"MsoNormal\">\n<p class=\"MsoNormal\">El robo ocurri\u00f3 en la colonia La Manga, de Hermosillo, Sonora, durante las primeras horas del pasado 28 de abril. Seg\u00fan la investigaci\u00f3n, los imputados, junto con otro sujeto identificado, sustrajeron una camioneta de reparto cargada con diversos art\u00edculos, incluyendo electrodom\u00e9sticos, equipos de c\u00f3mputo y calzado.<\/p>\n<p class=\"MsoNormal\">Identificaci\u00f3n y captura de los responsables<\/p>\n<p class=\"MsoNormal\">Tras iniciar las investigaciones, la FGJES logr\u00f3 identificar a los presuntos responsables y obtuvo \u00f3rdenes de aprehensi\u00f3n por parte del Juez de Control. Posteriormente, fueron capturados por elementos de la Agencia Ministerial de Investigaci\u00f3n Criminal (AMIC).<\/p>\n<p class=\"MsoNormal\">Los detenidos fueron presentados ante la justicia y sometidos a las audiencias correspondientes. Finalmente, el Juez de Control determin\u00f3 vincular a proceso a los tres individuos y orden\u00f3 su prisi\u00f3n preventiva, medida justificada seg\u00fan lo establecido por el Poder Judicial.<\/p>\n","protected":false},"excerpt":{"rendered":"<p>En el robo, ocurrido en la colonia La Manga, los sujetos sustrajeron una camioneta de reparto cargada con diversos art\u00edculos, incluyendo electrodom\u00e9sticos, equipos de c\u00f3mputo y calzado.<\/p>\n","protected":false},"author":1,"featured_media":553,"comment_status":"open","ping_status":"open","sticky":false,"template":"","format":"standard","meta":{"footnotes":""},"categories":[32],"tags":[],"class_list":["post-215","post","type-post","status-publish","format-standard","has-post-thumbnail","hentry","category-policiaca"],"_links":{"self":[{"href":"https:\/\/elreporterodelacomunidad.com\/index.php\/wp-json\/wp\/v2\/posts\/215","targetHints":{"allow":["GET"]}}],"collection":[{"href":"https:\/\/elreporterodelacomunidad.com\/index.php\/wp-json\/wp\/v2\/posts"}],"about":[{"href":"https:\/\/elreporterodelacomunidad.com\/index.php\/wp-json\/wp\/v2\/types\/post"}],"author":[{"embeddable":true,"href":"https:\/\/elreporterodelacomunidad.com\/index.php\/wp-json\/wp\/v2\/users\/1"}],"replies":[{"embeddable":true,"href":"https:\/\/elreporterodelacomunidad.com\/index.php\/wp-json\/wp\/v2\/comments?post=215"}],"version-history":[{"count":1,"href":"https:\/\/elreporterodelacomunidad.com\/index.php\/wp-json\/wp\/v2\/posts\/215\/revisions"}],"predecessor-version":[{"id":552,"href":"https:\/\/elreporterodelacomunidad.com\/index.php\/wp-json\/wp\/v2\/posts\/215\/revisions\/552"}],"wp:featuredmedia":[{"embeddable":true,"href":"https:\/\/elreporterodelacomunidad.com\/index.php\/wp-json\/wp\/v2\/media\/553"}],"wp:attachment":[{"href":"https:\/\/elreporterodelacomunidad.com\/index.php\/wp-json\/wp\/v2\/media?parent=215"}],"wp:term":[{"taxonomy":"category","embeddable":true,"href":"https:\/\/elreporterodelacomunidad.com\/index.php\/wp-json\/wp\/v2\/categories?post=215"},{"taxonomy":"post_tag","embeddable":true,"href":"https:\/\/elreporterodelacomunidad.com\/index.php\/wp-json\/wp\/v2\/tags?post=215"}],"curies":[{"name":"wp","href":"https:\/\/api.w.org\/{rel}","templated":true}]}}