{"id":2129,"date":"2024-03-04T00:00:00","date_gmt":"2024-03-04T07:00:00","guid":{"rendered":"https:\/\/elreporterodelacomunidad.com\/index.php\/2024\/03\/04\/aseguran-en-sonora-a-familia-que-utilizaba-a-menores-para-transportar-heroina\/"},"modified":"2024-03-04T00:00:00","modified_gmt":"2024-03-04T07:00:00","slug":"aseguran-en-sonora-a-familia-que-utilizaba-a-menores-para-transportar-heroina","status":"publish","type":"post","link":"https:\/\/elreporterodelacomunidad.com\/index.php\/2024\/03\/04\/aseguran-en-sonora-a-familia-que-utilizaba-a-menores-para-transportar-heroina\/","title":{"rendered":"Aseguran en Sonora a familia que utilizaba a menores para transportar hero\u00edna"},"content":{"rendered":"<p class=\"MsoNormal\">En uno de los puntos de revisi\u00f3n instalados en la carretera federal M\u00e9xico 15, autoridades de la Fiscal\u00eda General de la Rep\u00fablica (FGR) en Sonora detuvieron a una familia originaria de Sinaloa por la presunta portaci\u00f3n de hero\u00edna. Durante la revisi\u00f3n, se percataron que la droga estaba adherida al cuerpo de varios menores de edad.<\/p>\n<p class=\"MsoNormal\">El delegado de la FGR, Francisco Sergio M\u00e9ndez, confirm\u00f3 este suceso, en el que tres adultos, una pareja y la mam\u00e1 de uno de ellos, viajaban junto a sus hijos de dos, 2, 4, 6 y 11 a\u00f1os, a quienes se les coloc\u00f3 en sus cinturas y abdomen paquetes que conten\u00edan en total alrededor de 13 kilos del estupefaciente.<\/p>\n<p class=\"MsoNormal\">Detall\u00f3 que se tuvo conocimiento que las personas que se trasladaban a bordo de una camioneta, ten\u00edan como destino San Luis R\u00edo Colorado y posteriormente a Tijuana, Baja California.&#8221;<\/p>\n<p class=\"MsoNormal\">Ayer, un poco adelante de la caseta de cobro de Hermosillo, la Polic\u00eda Federal asegur\u00f3 un veh\u00edculo donde iba toda una familia, la abuela, la esposa y el esposo, los ni\u00f1os, ese es el gran problema, que est\u00e1n utilizando a los ni\u00f1os para hacer sus fechor\u00edas, ni\u00f1os de dos, cuatro, seis y once, todos llevaban bultos (en la cintura) de hero\u00edna&#8221;, expuso el funcionario federal.<\/p>\n<p class=\"MsoNormal\">Al percatarse los agentes de la Polic\u00eda Federal del posible delito, se procedi\u00f3 a realizar la detenci\u00f3n de las dos mujeres y el hombre, mientras que en el caso de los menores fueron turnados a la autoridad correspondiente para su atenci\u00f3n.<\/p>\n<p class=\"MsoNormal\">&#8220;Los ni\u00f1os quedaron a disposici\u00f3n del DIF y los adultos ya fueron judicializados y ya tienen prisi\u00f3n preventiva&#8221;, precis\u00f3 Sergio M\u00e9ndez, quien lament\u00f3 que se den ese tipo de actos por personas que usan a familiares o peque\u00f1os para incurrir en malas pr\u00e1cticas.<\/p>\n<p class=\"MsoNormal\">Subray\u00f3 que no es com\u00fan que se detecten conductas similares, sin embargo atribuy\u00f3 ese tipo de hechos a que las bandas delincuenciales han empezado a cambiar de m\u00e9todos para el traslado de drogas, ya que se han visto descubiertos en las formas convencionales.<\/p>\n<p class=\"MsoNormal\">En las \u00faltimas semanas tambi\u00e9n se realizaron otros aseguramientos en la regi\u00f3n que dieron como resultado el decomiso de 34 kilos de hero\u00edna, as\u00ed como armamento que ingres\u00f3 de forma ilegal al pa\u00eds.<\/p>\n","protected":false},"excerpt":{"rendered":"<p>La familia viajaba en una camioneta y al momento de la revisi\u00f3n se percat\u00f3 que los ni\u00f1os ten\u00edan adheridos a sus cuerpos varios paquetes de hero\u00edna.<\/p>\n","protected":false},"author":1,"featured_media":2130,"comment_status":"open","ping_status":"open","sticky":false,"template":"","format":"standard","meta":{"footnotes":""},"categories":[29],"tags":[],"class_list":["post-2129","post","type-post","status-publish","format-standard","has-post-thumbnail","hentry","category-principalsecundaria"],"_links":{"self":[{"href":"https:\/\/elreporterodelacomunidad.com\/index.php\/wp-json\/wp\/v2\/posts\/2129","targetHints":{"allow":["GET"]}}],"collection":[{"href":"https:\/\/elreporterodelacomunidad.com\/index.php\/wp-json\/wp\/v2\/posts"}],"about":[{"href":"https:\/\/elreporterodelacomunidad.com\/index.php\/wp-json\/wp\/v2\/types\/post"}],"author":[{"embeddable":true,"href":"https:\/\/elreporterodelacomunidad.com\/index.php\/wp-json\/wp\/v2\/users\/1"}],"replies":[{"embeddable":true,"href":"https:\/\/elreporterodelacomunidad.com\/index.php\/wp-json\/wp\/v2\/comments?post=2129"}],"version-history":[{"count":0,"href":"https:\/\/elreporterodelacomunidad.com\/index.php\/wp-json\/wp\/v2\/posts\/2129\/revisions"}],"wp:featuredmedia":[{"embeddable":true,"href":"https:\/\/elreporterodelacomunidad.com\/index.php\/wp-json\/wp\/v2\/media\/2130"}],"wp:attachment":[{"href":"https:\/\/elreporterodelacomunidad.com\/index.php\/wp-json\/wp\/v2\/media?parent=2129"}],"wp:term":[{"taxonomy":"category","embeddable":true,"href":"https:\/\/elreporterodelacomunidad.com\/index.php\/wp-json\/wp\/v2\/categories?post=2129"},{"taxonomy":"post_tag","embeddable":true,"href":"https:\/\/elreporterodelacomunidad.com\/index.php\/wp-json\/wp\/v2\/tags?post=2129"}],"curies":[{"name":"wp","href":"https:\/\/api.w.org\/{rel}","templated":true}]}}