{"id":21260,"date":"2025-07-25T17:43:48","date_gmt":"2025-07-26T00:43:48","guid":{"rendered":"https:\/\/elreporterodelacomunidad.com\/?p=21260"},"modified":"2025-07-25T17:43:50","modified_gmt":"2025-07-26T00:43:50","slug":"dignifican-tono-astiazaran-y-patty-ruibal-atencion-a-familias-con-oficinas-renovadas","status":"publish","type":"post","link":"https:\/\/elreporterodelacomunidad.com\/index.php\/2025\/07\/25\/dignifican-tono-astiazaran-y-patty-ruibal-atencion-a-familias-con-oficinas-renovadas\/","title":{"rendered":"Dignifican To\u00f1o Astiazar\u00e1n y Patty Ruibal atenci\u00f3n a familias con oficinas renovadas."},"content":{"rendered":"\n<p>Las oficinas y \u00e1reas de atenci\u00f3n ubicadas en la colonia San Benito ahora son m\u00e1s amplias, funcionales y confortables en beneficio del personal y personas usuarias<\/p>\n\n\n\n<p><strong>Hermosillo, Sonora a 25 de julio de 2025.-<\/strong> Instalaciones dignas para la atenci\u00f3n de las familias que lo requieran entreg\u00f3 el presidente municipal Antonio Astiazar\u00e1n Guti\u00e9rrez en la Procuradur\u00eda para la Protecci\u00f3n de los Derechos de Ni\u00f1as, Ni\u00f1os, Adolescentes y Adultos Mayores de DIF Hermosillo.<\/p>\n\n\n\n<p>Acompa\u00f1ado de su esposa Patricia Ruibal Zaragoza, presidenta honoraria de DIF Hermosillo y Madeleine Bonnafoux Alcaraz, directora general de la instituci\u00f3n, To\u00f1o Astiazar\u00e1n entreg\u00f3 formalmente a empleadas y empleados de esta Procuradur\u00eda la remodelaci\u00f3n de las instalaciones en que proporcionan importantes servicios a la ciudadan\u00eda.<\/p>\n\n\n\n<p>\u201cEsto es una peque\u00f1a muestra de gratitud de parte de Patty y m\u00eda hacia lo que ustedes hacen a diario por las familias hermosillenses, no los vamos a dejar solos\u201d, coment\u00f3.<\/p>\n\n\n\n<p>Realizaron un recorrido en el que conocieron los conceptos de obra y equipamiento en los que se invirtieron en total un mill\u00f3n 175 mil 918 pesos a trav\u00e9s tanto del Consejo Municipal de Concertaci\u00f3n para la Obra P\u00fablica (CMCOP), DIF Municipal y la Direcci\u00f3n General de Desarrollo de Infraestructura (DGDI).<\/p>\n\n\n\n<p class=\"has-text-align-center\"><img loading=\"lazy\" decoding=\"async\" width=\"500\" height=\"238\" class=\"wp-image-21262\" style=\"width: 500px;\" src=\"https:\/\/elreporterodelacomunidad.com\/wp-content\/uploads\/2025\/07\/2-5.jpg\" alt=\"\" srcset=\"https:\/\/elreporterodelacomunidad.com\/wp-content\/uploads\/2025\/07\/2-5.jpg 957w, https:\/\/elreporterodelacomunidad.com\/wp-content\/uploads\/2025\/07\/2-5-300x143.jpg 300w, https:\/\/elreporterodelacomunidad.com\/wp-content\/uploads\/2025\/07\/2-5-768x366.jpg 768w, https:\/\/elreporterodelacomunidad.com\/wp-content\/uploads\/2025\/07\/2-5-750x357.jpg 750w\" sizes=\"auto, (max-width: 500px) 100vw, 500px\" \/><\/p>\n\n\n\n<p>\u201cEsta remodelaci\u00f3n no es un lujo, es un acto de justicia y gratitud a quienes entregan su vocaci\u00f3n d\u00eda a d\u00eda, pero tambi\u00e9n es una promesa, la de ofrecer a la ciudadan\u00eda un entorno que inspire confianza y que refleje la seriedad que merece esta labor, expres\u00f3 por su parte Madeleinne Bonafoux.<\/p>\n\n\n\n<p>La Trabajadora Social Luz Martina San Mart\u00edn Trujillo, ofreci\u00f3 un testimonio de agradecimiento a nombre propio y de sus compa\u00f1eras y compa\u00f1eros por ofrecerles condiciones dignas de trabajo y por la asignaci\u00f3n del veh\u00edculo el\u00e9ctrico que apoya a su trabajo.<\/p>\n\n\n\n<p>Participaron en este encuentro C\u00e9sar Rasc\u00f3n Mu\u00f1oz, titular de CMCOP; Martha Carolina Mungu\u00eda Valenzuela, Procuradora para la Protecci\u00f3n de los Derechos de Ni\u00f1as, Ni\u00f1os, Adolescentes y Adultos Mayores y Andrea Paz Molinares, presidenta de la Coordinadora Estatal del Pacto por la Primera Infancia. &nbsp;<\/p>\n\n\n\n<p>Acudi\u00f3 tambi\u00e9n Carmen Luc\u00eda Mungu\u00eda Gallegos, Secretaria Ejecutiva del Sistema Nacional de Protecci\u00f3n Integral de Ni\u00f1as, Ni\u00f1os y Adolescentes (SIPINNA).<\/p>\n\n\n\n<figure class=\"wp-block-video\"><video height=\"1080\" style=\"aspect-ratio: 1920 \/ 1080;\" width=\"1920\" controls src=\"https:\/\/elreporterodelacomunidad.com\/wp-content\/uploads\/2025\/07\/PTE.-MUN.-ANTONIO-A.-ENTREGA-AMPLIACION-DE-LA-PROCURADURIA-DIF-HMO.mp4\"><\/video><\/figure>\n","protected":false},"excerpt":{"rendered":"<p>Las oficinas y \u00e1reas de atenci\u00f3n ubicadas en la colonia San Benito ahora son m\u00e1s amplias, funcionales y confortables en beneficio del personal y personas usuarias Hermosillo, Sonora a 25 de julio de 2025.- Instalaciones dignas para la atenci\u00f3n de las familias que lo requieran entreg\u00f3 el presidente municipal Antonio Astiazar\u00e1n Guti\u00e9rrez en la Procuradur\u00eda [&hellip;]<\/p>\n","protected":false},"author":4,"featured_media":21261,"comment_status":"open","ping_status":"open","sticky":false,"template":"","format":"standard","meta":{"footnotes":""},"categories":[1],"tags":[],"class_list":["post-21260","post","type-post","status-publish","format-standard","has-post-thumbnail","hentry","category-sin-categoria"],"_links":{"self":[{"href":"https:\/\/elreporterodelacomunidad.com\/index.php\/wp-json\/wp\/v2\/posts\/21260","targetHints":{"allow":["GET"]}}],"collection":[{"href":"https:\/\/elreporterodelacomunidad.com\/index.php\/wp-json\/wp\/v2\/posts"}],"about":[{"href":"https:\/\/elreporterodelacomunidad.com\/index.php\/wp-json\/wp\/v2\/types\/post"}],"author":[{"embeddable":true,"href":"https:\/\/elreporterodelacomunidad.com\/index.php\/wp-json\/wp\/v2\/users\/4"}],"replies":[{"embeddable":true,"href":"https:\/\/elreporterodelacomunidad.com\/index.php\/wp-json\/wp\/v2\/comments?post=21260"}],"version-history":[{"count":1,"href":"https:\/\/elreporterodelacomunidad.com\/index.php\/wp-json\/wp\/v2\/posts\/21260\/revisions"}],"predecessor-version":[{"id":21264,"href":"https:\/\/elreporterodelacomunidad.com\/index.php\/wp-json\/wp\/v2\/posts\/21260\/revisions\/21264"}],"wp:featuredmedia":[{"embeddable":true,"href":"https:\/\/elreporterodelacomunidad.com\/index.php\/wp-json\/wp\/v2\/media\/21261"}],"wp:attachment":[{"href":"https:\/\/elreporterodelacomunidad.com\/index.php\/wp-json\/wp\/v2\/media?parent=21260"}],"wp:term":[{"taxonomy":"category","embeddable":true,"href":"https:\/\/elreporterodelacomunidad.com\/index.php\/wp-json\/wp\/v2\/categories?post=21260"},{"taxonomy":"post_tag","embeddable":true,"href":"https:\/\/elreporterodelacomunidad.com\/index.php\/wp-json\/wp\/v2\/tags?post=21260"}],"curies":[{"name":"wp","href":"https:\/\/api.w.org\/{rel}","templated":true}]}}