{"id":2116,"date":"2024-03-04T00:00:00","date_gmt":"2024-03-04T07:00:00","guid":{"rendered":"https:\/\/elreporterodelacomunidad.com\/index.php\/2024\/03\/04\/estudiante-del-cobach-es-atropellado-en-calle-reforma-al-no-cruzar-por-paso-peatonal\/"},"modified":"2024-03-04T00:00:00","modified_gmt":"2024-03-04T07:00:00","slug":"estudiante-del-cobach-es-atropellado-en-calle-reforma-al-no-cruzar-por-paso-peatonal","status":"publish","type":"post","link":"https:\/\/elreporterodelacomunidad.com\/index.php\/2024\/03\/04\/estudiante-del-cobach-es-atropellado-en-calle-reforma-al-no-cruzar-por-paso-peatonal\/","title":{"rendered":"Estudiante del Cobach es atropellado en calle Reforma al no cruzar por paso peatonal&nbsp;"},"content":{"rendered":"<p class=\"MsoNormal\">n estudiante de preparatoria result\u00f3 herido tras ser impactado por una camioneta de color blanco en un incidente ocurrido en la colonia Balderrama de Hermosillo.<\/p>\n<p class=\"MsoNormal\">El accidente tuvo lugar alrededor de las 13:40 horas del lunes en la calle Reforma, entre Luis Orc\u00ed y Jes\u00fas Siqueiros. Se sospecha que el joven, acompa\u00f1ado por otro estudiante, no utiliz\u00f3 el paso de peatones.<\/p>\n<p class=\"MsoNormal\">Seg\u00fan testigos, la camioneta viajaba de sur a norte por la calle Reforma cuando los dos estudiantes intentaron cruzar la calle de manera repentina, resultando atropellados y dejando a uno de ellos tendido en el asfalto.<\/p>\n<p class=\"MsoNormal\">Los primeros en responder fueron elementos de la Polic\u00eda Municipal, quienes aseguraron la escena del accidente y desviaron el tr\u00e1fico mientras llegaban los param\u00e9dicos de la Cruz Roja.<\/p>\n<p class=\"MsoNormal\">La camioneta involucrada fue confiscada por los agentes municipales para llevar a cabo las investigaciones pertinentes y determinar la responsabilidad en este incidente ocurrido al norte de Hermosillo.<\/p>\n","protected":false},"excerpt":{"rendered":"<p>Veinte minutos antes de las 14:00 horas de este lunes se report\u00f3 el accidente de tr\u00e1nsito en la calle Reforma, donde un estudiante de preparatoria fue atropellado cuando seg\u00fan testigos, cruz\u00f3 junto a otro estudiante de forma intempestiva.<\/p>\n","protected":false},"author":1,"featured_media":2117,"comment_status":"open","ping_status":"open","sticky":false,"template":"","format":"standard","meta":{"footnotes":""},"categories":[32],"tags":[],"class_list":["post-2116","post","type-post","status-publish","format-standard","has-post-thumbnail","hentry","category-policiaca"],"_links":{"self":[{"href":"https:\/\/elreporterodelacomunidad.com\/index.php\/wp-json\/wp\/v2\/posts\/2116","targetHints":{"allow":["GET"]}}],"collection":[{"href":"https:\/\/elreporterodelacomunidad.com\/index.php\/wp-json\/wp\/v2\/posts"}],"about":[{"href":"https:\/\/elreporterodelacomunidad.com\/index.php\/wp-json\/wp\/v2\/types\/post"}],"author":[{"embeddable":true,"href":"https:\/\/elreporterodelacomunidad.com\/index.php\/wp-json\/wp\/v2\/users\/1"}],"replies":[{"embeddable":true,"href":"https:\/\/elreporterodelacomunidad.com\/index.php\/wp-json\/wp\/v2\/comments?post=2116"}],"version-history":[{"count":0,"href":"https:\/\/elreporterodelacomunidad.com\/index.php\/wp-json\/wp\/v2\/posts\/2116\/revisions"}],"wp:featuredmedia":[{"embeddable":true,"href":"https:\/\/elreporterodelacomunidad.com\/index.php\/wp-json\/wp\/v2\/media\/2117"}],"wp:attachment":[{"href":"https:\/\/elreporterodelacomunidad.com\/index.php\/wp-json\/wp\/v2\/media?parent=2116"}],"wp:term":[{"taxonomy":"category","embeddable":true,"href":"https:\/\/elreporterodelacomunidad.com\/index.php\/wp-json\/wp\/v2\/categories?post=2116"},{"taxonomy":"post_tag","embeddable":true,"href":"https:\/\/elreporterodelacomunidad.com\/index.php\/wp-json\/wp\/v2\/tags?post=2116"}],"curies":[{"name":"wp","href":"https:\/\/api.w.org\/{rel}","templated":true}]}}